{"id":32750,"date":"2018-05-07T10:16:12","date_gmt":"2018-05-07T13:16:12","guid":{"rendered":"https:\/\/eldiariodesanpedro.com.ar\/sitio\/?p=32750"},"modified":"2018-05-07T10:16:12","modified_gmt":"2018-05-07T13:16:12","slug":"delincuentes-dispararon-contra-el-custodio-del-deposito-judicial","status":"publish","type":"post","link":"https:\/\/eldiariodesanpedro.com.ar\/sitio\/delincuentes-dispararon-contra-el-custodio-del-deposito-judicial\/","title":{"rendered":"Delincuentes dispararon contra el custodio del dep\u00f3sito judicial"},"content":{"rendered":"<p><!-- VideographyWP Plugin Message: Automatic video embedding prevented by plugin options. --><br \/>\nEste domingo ocurri\u00f3 un tiroteo entre un efectivo policial y varios delincuentes que intentaban sustraer una motocicleta en el dep\u00f3sito de veh\u00edculos secuestrados pertenecientes a la polic\u00eda.<\/p>\n<p>Este domingo alrededor de las 21.30 horas en circunstancias en que efectivo policial se hallaba de custodia en predio de dep\u00f3sito judicial ubicado en calle Lucio Mansilla al 3200 detr\u00e1s del Corral\u00f3n Municipal es sorprendido por cuatro masculinos los cuales se hallaban intentando sustraer motocicletas secuestradas, d\u00e1ndole la voz de alto, efectuando los malvivientes disparos con arma de fuego contra el mismo, los que impactaron en chapa que recubre la garita de seguridad. Repeliendo tal acci\u00f3n con disparos con arma reglamentaria, logrando que delincuentes emprendan fuga.<\/p>\n<p>Se pudo constatar  que el efectivo result\u00f3 ileso.<\/p>\n","protected":false},"excerpt":{"rendered":"<p>Este domingo ocurri\u00f3 un tiroteo entre un efectivo policial y varios delincuentes que intentaban sustraer una motocicleta en el dep\u00f3sito de veh\u00edculos secuestrados pertenecientes a la polic\u00eda. Este domingo alrededor de las 21.30 horas en circunstancias en que efectivo policial se hallaba de custodia en predio de dep\u00f3sito judicial ubicado en calle Lucio Mansilla al [&hellip;]<\/p>\n","protected":false},"author":4,"featured_media":32751,"comment_status":"open","ping_status":"closed","sticky":false,"template":"","format":"standard","meta":{"om_disable_all_campaigns":false,"_jetpack_memberships_contains_paid_content":false,"footnotes":""},"categories":[2,103],"tags":[],"class_list":["post-32750","post","type-post","status-publish","format-standard","has-post-thumbnail","hentry","category-locales","category-policiales-locales"],"aioseo_notices":[],"gutentor_comment":0,"jetpack_featured_media_url":"https:\/\/eldiariodesanpedro.com.ar\/sitio\/wp-content\/uploads\/2018\/05\/WhatsApp-Image-2018-05-07-at-10.13.53.jpeg","jetpack_shortlink":"https:\/\/wp.me\/p6RhLt-8we","jetpack_sharing_enabled":true,"_links":{"self":[{"href":"https:\/\/eldiariodesanpedro.com.ar\/sitio\/wp-json\/wp\/v2\/posts\/32750","targetHints":{"allow":["GET"]}}],"collection":[{"href":"https:\/\/eldiariodesanpedro.com.ar\/sitio\/wp-json\/wp\/v2\/posts"}],"about":[{"href":"https:\/\/eldiariodesanpedro.com.ar\/sitio\/wp-json\/wp\/v2\/types\/post"}],"author":[{"embeddable":true,"href":"https:\/\/eldiariodesanpedro.com.ar\/sitio\/wp-json\/wp\/v2\/users\/4"}],"replies":[{"embeddable":true,"href":"https:\/\/eldiariodesanpedro.com.ar\/sitio\/wp-json\/wp\/v2\/comments?post=32750"}],"version-history":[{"count":1,"href":"https:\/\/eldiariodesanpedro.com.ar\/sitio\/wp-json\/wp\/v2\/posts\/32750\/revisions"}],"predecessor-version":[{"id":32752,"href":"https:\/\/eldiariodesanpedro.com.ar\/sitio\/wp-json\/wp\/v2\/posts\/32750\/revisions\/32752"}],"wp:featuredmedia":[{"embeddable":true,"href":"https:\/\/eldiariodesanpedro.com.ar\/sitio\/wp-json\/wp\/v2\/media\/32751"}],"wp:attachment":[{"href":"https:\/\/eldiariodesanpedro.com.ar\/sitio\/wp-json\/wp\/v2\/media?parent=32750"}],"wp:term":[{"taxonomy":"category","embeddable":true,"href":"https:\/\/eldiariodesanpedro.com.ar\/sitio\/wp-json\/wp\/v2\/categories?post=32750"},{"taxonomy":"post_tag","embeddable":true,"href":"https:\/\/eldiariodesanpedro.com.ar\/sitio\/wp-json\/wp\/v2\/tags?post=32750"}],"curies":[{"name":"wp","href":"https:\/\/api.w.org\/{rel}","templated":true}]}}