{"id":32747,"date":"2018-05-07T09:57:22","date_gmt":"2018-05-07T12:57:22","guid":{"rendered":"https:\/\/eldiariodesanpedro.com.ar\/sitio\/?p=32747"},"modified":"2018-05-07T09:57:22","modified_gmt":"2018-05-07T12:57:22","slug":"frutos-de-la-tierra-y-el-rio-en-mayo-feria-con-aroma-a-fiesta","status":"publish","type":"post","link":"https:\/\/eldiariodesanpedro.com.ar\/sitio\/frutos-de-la-tierra-y-el-rio-en-mayo-feria-con-aroma-a-fiesta\/","title":{"rendered":"Frutos de la Tierra y el R\u00edo en Mayo, feria con aroma a fiesta"},"content":{"rendered":"<p><!-- VideographyWP Plugin Message: Automatic video embedding prevented by plugin options. --><br \/>\nLa segunda \u201cFrutos\u2026 \u201c del a\u00f1o est\u00e1 llena de novedades. Y es que en este \u00faltimo mes el Concejo Deliberante aprob\u00f3 la ordenanza que la reglamenta y se firm\u00f3 la escritura de la Asociaci\u00f3n Civil. Pero sus seguidores van a estar encantados con la propuesta de productos, novedades y ofertas! Adem\u00e1s, un gran programa de actividades.<\/p>\n<p>Si el clima no atenta con la jornada y permite salir a los productores que se encuentran m\u00e1s tierra adentro, el 12 de mayo desde las 10 frente a la Plaza Constituci\u00f3n en San Pedro se realizar\u00e1 una nueva edici\u00f3n del encuentro entre productores y consumidores que se produce cinco veces al a\u00f1o. En encuentro prev\u00e9 a las 11 el corte de cintas con Concejales y funcionarios de las instituciones participantes, para realizar la apertura simb\u00f3lica del primer evento con ordenanza regulada.<\/p>\n<p>Desde su apertura, adem\u00e1s, investigadoras del INTA San Pedro estar\u00e1n invitando a los visitantes amantes de las flores, a participar de un trabajo para evaluar distintas alternativas de colores en Calas. Quienes lo hagan, participar\u00e1n al final del d\u00eda de un sorteo de las plantas evaluadas.<br \/>\nAnticipando la semana de la miel, la Escuela Agrot\u00e9cnica llevar\u00e1 la colmena vidriada y juegos para explicar a los m\u00e1s peque\u00f1os las bondades de estos insectos fundamentales en su aporte a la producci\u00f3n de alimentos.<\/p>\n<p>Prohuerta est\u00e1 organizando un encuentro entre huerteros que quieran intercambiar sus semillas con otros y as\u00ed incrementar los distintos bancos individuales y colectivos. El anterior se realiz\u00f3 en octubre, con gran participaci\u00f3n e intercambios de materiales. Para ser parte del mismo hay que acercarse a las 14 horas con algo que compartir.<\/p>\n<p>Y a nivel productos, esta edici\u00f3n viene potenciada con productores que debutan acercando sus alternativas, algunas ofertas especiales pensadas para este encuentro, y alternativas que hasta ahora no se hab\u00edan visto. Vuelven las cebollas de verdeo seleccionadas, y la posibilidad de adquirir \u201cchayote\u201d, ese fruto multifac\u00e9tico, lleno de propiedades y alternativas culinarias. Otra vez la oportunidad de llevarse las batatas Ipomea, la batata que busca recuperar el sabor de  San Pedro y que llevan adelante productores locales sin la utilizaci\u00f3n de agroqu\u00edmicos y eligiendo dos variedades destacadas por su dulzura. Habr\u00e1 como siempre miel para ir acopiando para el invierno, cactus y suculentas de una infinidad de variedades, as\u00ed como otras plantas ornamentales, forestales y arom\u00e1ticas. Adem\u00e1s, que nos faltaron en marzo las calabazas t\u00edpicas de oto\u00f1o. Tambi\u00e9n habr\u00e1 dulces y una amplia variedad de hortalizas cultivadas por un productor de Baradero en el marco de un trabajo con INTA que busca realizar el manejo integrado. No faltar\u00e1n las hilanderas y tejedoras, que cada encuentro proponen nuevas alternativas.<\/p>\n","protected":false},"excerpt":{"rendered":"<p>La segunda \u201cFrutos\u2026 \u201c del a\u00f1o est\u00e1 llena de novedades. Y es que en este \u00faltimo mes el Concejo Deliberante aprob\u00f3 la ordenanza que la reglamenta y se firm\u00f3 la escritura de la Asociaci\u00f3n Civil. Pero sus seguidores van a estar encantados con la propuesta de productos, novedades y ofertas! Adem\u00e1s, un gran programa de [&hellip;]<\/p>\n","protected":false},"author":4,"featured_media":32748,"comment_status":"open","ping_status":"closed","sticky":false,"template":"","format":"standard","meta":{"om_disable_all_campaigns":false,"_jetpack_memberships_contains_paid_content":false,"footnotes":""},"categories":[101,2],"tags":[],"class_list":["post-32747","post","type-post","status-publish","format-standard","has-post-thumbnail","hentry","category-interes-general-locales","category-locales"],"aioseo_notices":[],"gutentor_comment":0,"jetpack_featured_media_url":"https:\/\/eldiariodesanpedro.com.ar\/sitio\/wp-content\/uploads\/2018\/05\/unnamed-1.png","jetpack_shortlink":"https:\/\/wp.me\/p6RhLt-8wb","jetpack_sharing_enabled":true,"_links":{"self":[{"href":"https:\/\/eldiariodesanpedro.com.ar\/sitio\/wp-json\/wp\/v2\/posts\/32747","targetHints":{"allow":["GET"]}}],"collection":[{"href":"https:\/\/eldiariodesanpedro.com.ar\/sitio\/wp-json\/wp\/v2\/posts"}],"about":[{"href":"https:\/\/eldiariodesanpedro.com.ar\/sitio\/wp-json\/wp\/v2\/types\/post"}],"author":[{"embeddable":true,"href":"https:\/\/eldiariodesanpedro.com.ar\/sitio\/wp-json\/wp\/v2\/users\/4"}],"replies":[{"embeddable":true,"href":"https:\/\/eldiariodesanpedro.com.ar\/sitio\/wp-json\/wp\/v2\/comments?post=32747"}],"version-history":[{"count":1,"href":"https:\/\/eldiariodesanpedro.com.ar\/sitio\/wp-json\/wp\/v2\/posts\/32747\/revisions"}],"predecessor-version":[{"id":32749,"href":"https:\/\/eldiariodesanpedro.com.ar\/sitio\/wp-json\/wp\/v2\/posts\/32747\/revisions\/32749"}],"wp:featuredmedia":[{"embeddable":true,"href":"https:\/\/eldiariodesanpedro.com.ar\/sitio\/wp-json\/wp\/v2\/media\/32748"}],"wp:attachment":[{"href":"https:\/\/eldiariodesanpedro.com.ar\/sitio\/wp-json\/wp\/v2\/media?parent=32747"}],"wp:term":[{"taxonomy":"category","embeddable":true,"href":"https:\/\/eldiariodesanpedro.com.ar\/sitio\/wp-json\/wp\/v2\/categories?post=32747"},{"taxonomy":"post_tag","embeddable":true,"href":"https:\/\/eldiariodesanpedro.com.ar\/sitio\/wp-json\/wp\/v2\/tags?post=32747"}],"curies":[{"name":"wp","href":"https:\/\/api.w.org\/{rel}","templated":true}]}}