{"id":32745,"date":"2018-05-07T09:47:31","date_gmt":"2018-05-07T12:47:31","guid":{"rendered":"https:\/\/eldiariodesanpedro.com.ar\/sitio\/?p=32745"},"modified":"2018-05-07T09:47:31","modified_gmt":"2018-05-07T12:47:31","slug":"esta-semana-horario-extendido-hasta-las-16-hs-del-centro-de-comercio","status":"publish","type":"post","link":"https:\/\/eldiariodesanpedro.com.ar\/sitio\/esta-semana-horario-extendido-hasta-las-16-hs-del-centro-de-comercio\/","title":{"rendered":"Esta semana horario extendido hasta las 16 hs del Centro de Comercio"},"content":{"rendered":"<p><!-- VideographyWP Plugin Message: Automatic video embedding prevented by plugin options. --><br \/>\nEl Centro de Comercio e  Industria informa que para facilitar la atenci\u00f3n de los socios y de quienes concurren a realizar pagos o tr\u00e1mites en nuestras cajas, esta semana el horario se extender\u00e1 hasta las 16. <\/p>\n","protected":false},"excerpt":{"rendered":"<p>El Centro de Comercio e Industria informa que para facilitar la atenci\u00f3n de los socios y de quienes concurren a realizar pagos o tr\u00e1mites en nuestras cajas, esta semana el horario se extender\u00e1 hasta las 16.<\/p>\n","protected":false},"author":4,"featured_media":32119,"comment_status":"open","ping_status":"closed","sticky":false,"template":"","format":"standard","meta":{"om_disable_all_campaigns":false,"_jetpack_memberships_contains_paid_content":false,"footnotes":""},"categories":[101,2],"tags":[],"class_list":["post-32745","post","type-post","status-publish","format-standard","has-post-thumbnail","hentry","category-interes-general-locales","category-locales"],"aioseo_notices":[],"gutentor_comment":0,"jetpack_featured_media_url":"https:\/\/eldiariodesanpedro.com.ar\/sitio\/wp-content\/uploads\/2018\/04\/centro-de-comercio-e-industria-san-pedro.jpg","jetpack_shortlink":"https:\/\/wp.me\/p6RhLt-8w9","jetpack_sharing_enabled":true,"_links":{"self":[{"href":"https:\/\/eldiariodesanpedro.com.ar\/sitio\/wp-json\/wp\/v2\/posts\/32745","targetHints":{"allow":["GET"]}}],"collection":[{"href":"https:\/\/eldiariodesanpedro.com.ar\/sitio\/wp-json\/wp\/v2\/posts"}],"about":[{"href":"https:\/\/eldiariodesanpedro.com.ar\/sitio\/wp-json\/wp\/v2\/types\/post"}],"author":[{"embeddable":true,"href":"https:\/\/eldiariodesanpedro.com.ar\/sitio\/wp-json\/wp\/v2\/users\/4"}],"replies":[{"embeddable":true,"href":"https:\/\/eldiariodesanpedro.com.ar\/sitio\/wp-json\/wp\/v2\/comments?post=32745"}],"version-history":[{"count":1,"href":"https:\/\/eldiariodesanpedro.com.ar\/sitio\/wp-json\/wp\/v2\/posts\/32745\/revisions"}],"predecessor-version":[{"id":32746,"href":"https:\/\/eldiariodesanpedro.com.ar\/sitio\/wp-json\/wp\/v2\/posts\/32745\/revisions\/32746"}],"wp:featuredmedia":[{"embeddable":true,"href":"https:\/\/eldiariodesanpedro.com.ar\/sitio\/wp-json\/wp\/v2\/media\/32119"}],"wp:attachment":[{"href":"https:\/\/eldiariodesanpedro.com.ar\/sitio\/wp-json\/wp\/v2\/media?parent=32745"}],"wp:term":[{"taxonomy":"category","embeddable":true,"href":"https:\/\/eldiariodesanpedro.com.ar\/sitio\/wp-json\/wp\/v2\/categories?post=32745"},{"taxonomy":"post_tag","embeddable":true,"href":"https:\/\/eldiariodesanpedro.com.ar\/sitio\/wp-json\/wp\/v2\/tags?post=32745"}],"curies":[{"name":"wp","href":"https:\/\/api.w.org\/{rel}","templated":true}]}}