{"id":32739,"date":"2018-05-06T20:53:59","date_gmt":"2018-05-06T23:53:59","guid":{"rendered":"https:\/\/eldiariodesanpedro.com.ar\/sitio\/?p=32739"},"modified":"2026-01-24T00:13:43","modified_gmt":"2026-01-24T03:13:43","slug":"futbol-del-interior-se-viene-el-regional-amateur-en-2019-sera-complicado-para-las-ligas-y-clubes-su-participacionfutbol-del-interior-se-viene-el-regional-amateur","status":"publish","type":"post","link":"https:\/\/eldiariodesanpedro.com.ar\/sitio\/futbol-del-interior-se-viene-el-regional-amateur-en-2019-sera-complicado-para-las-ligas-y-clubes-su-participacionfutbol-del-interior-se-viene-el-regional-amateur\/","title":{"rendered":"F\u00daTBOL DEL INTERIOR: Se viene el \u201cRegional Amateur\u201d en 2019. Ser\u00e1 complicado para las ligas y clubes su participaci\u00f3nF\u00daTBOL DEL INTERIOR Se viene el \u201cRegional Amateur\u201d en 2019. Ser\u00e1 complicado para las ligas y clubes su participaci\u00f3n"},"content":{"rendered":"<p><!-- VideographyWP Plugin Message: Automatic video embedding prevented by plugin options. --><br \/>\n  Desde el Consejo Federal de AFA, ente que regula el f\u00fatbol del interior, anunci\u00f3 hace dos a\u00f1os que se estaban por producir cambios, lo que finalmente lleg\u00f3 de manera oficial, cuando el actual presidente Pablo Toviggino lo public\u00f3 en su cuenta de Twister.<\/p>\n<p>  Apenas horas despu\u00e9s, desde el propio Consejo Federal enviaron a sus ligas afiliadas el reglamento para poder participar en los torneos Regional Amateur y Federal A.<\/p>\n<p>  El reglamento es inflexible en algunos puntos como, por ejemplo, s\u00f3lo el campe\u00f3n puede participar (denominado \u201cm\u00e9rito deportivo\u201d) y en ligas como la nuestra, con 12 equipos afiliados tiene asegurada una plaza. Si bien los clubes son 18 si contamos los de la Liga de Baradero, tampoco alcanza al m\u00ednimo de 20 que requiere el ente organizador para entregar dos plazas. Igualmente, en cantidad de equipos es complicado para nuestros vecinos ya que s\u00f3lo son seis los afiliados. Otro de los puntos es contar con la persona jur\u00eddica de manera regular, es decir, aquel club que tiene atrasada la personer\u00eda jur\u00eddica, por m\u00e1s que sea campe\u00f3n de la Liga, no podr\u00e1 participar y, esa plaza tampoco la podr\u00e1 utilizar otro club. Sportivo Baradero, al tener por derecho deportivo ganado su lugar, si cuenta con los requerimientos de CF podr\u00e1 jugar el regional Amateur. <\/p>\n<p><strong>  Para lograr su participaci\u00f3n se deber\u00e1 contar entre otros:<\/strong><br \/>\nIV) Acompa\u00f1ar Certificaci\u00f3n oficial de que la Liga es una Persona jur\u00eddica regularmente constituida.<br \/>\n \tV) Acompa\u00f1ar Certificaci\u00f3n oficial de que cada Club afiliado a la Liga que participa en el \u201cTorneo Anual Clasificatorio\u201d es una Persona jur\u00eddica regularmente constituida.<br \/>\n \tVIII) Acompa\u00f1ar certificado de aptitud f\u00edsica emitido por la operadora de salud que oportunamente designe el CFFA, de todos los jugadores que integran la Lista de Buena Fe de cada Club participante.<br \/>\n \tIX) Implementaci\u00f3n del sistema COMET en cada Liga.<br \/>\n \tX) Acompa\u00f1ar certificado de p\u00f3liza de seguro de vida e incapacidad permanente para todos los jugadores inscriptos en la Lista de Buena Fe de los Clubes participantes en el \u201cTorneo Anual Clasificatorio\u201d.<br \/>\n \tXI) Acompa\u00f1ar certificado de p\u00f3liza de seguro de vida para espectadores de justas deportivas respecto del \u201cTorneo Anual Clasificatorio\u201d.<br \/>\n \tQue sin perjuicio del cumplimiento de las obligaciones prescriptas en el presente art\u00edculo a los fines de la homologaci\u00f3n del \u201cTorneo Anual Clasificatorio\u201d, tienen plena vigencia aquellas obligaciones emanadas del art. 12 del Reglamento General del Consejo Federal (RGCF).<br \/>\nArt. 5\u00ba.- Procedimiento de homologaci\u00f3n: Una vez denunciado el \u201cTorneo Anual Clasificatorio\u201d por parte de la Liga afiliada, el Consejo Federal examinar\u00e1 la documentaci\u00f3n acompa\u00f1ada y, acreditado el cumplimiento de los requisitos establecidos en el art\u00edculo precedente, proceder\u00e1 a homologar el \u201cTorneo Anual Clasificatorio\u201d y la asignaci\u00f3n de plazas para el \u201cTorneo Regional Federal Amateur\u201d.<br \/>\nEl despacho que rechace la homologaci\u00f3n del \u201cTorneo Anual Clasificatorio\u201d deber\u00e1 estar debidamente fundado, y podr\u00e1 otorgarle a la Liga un plazo de hasta treinta (30) d\u00edas para subsanar las omisiones u errores en la documentaci\u00f3n que acredite el cumplimiento de los requisitos exigidos.<br \/>\nSin perjuicio de ello, los despachos ser\u00e1n apelable ante el Comit\u00e9 Ejecutivo de la Asociaci\u00f3n del F\u00fatbol Argentino dentro de los diez (10) de notificada la resoluci\u00f3n recurrida.<br \/>\nArt. 6\u00ba.- Asignaci\u00f3n de plazas: Una vez cumplidos los requisitos establecidos en el art. 4\u00ba, y homologado el \u201cTorneo Anual Clasificatorio\u201d, el Consejo Federal le asignar\u00e1 una (1) plaza a la Liga que dispute la competencia con m\u00e1s de diez (10) clubes y menos de veinte (20), y dos (2) plazas a las Ligas que dispute la competencia con veinte (20) o m\u00e1s clubes.<br \/>\nArt. 7\u00ba.- Disponibilidad de la Plaza: La plaza asignada por el Consejo Federal solo podr\u00e1 disponerla el Club que resultare campe\u00f3n del \u201cTorneo Anual Clasificatorio\u201d organizado por una Liga que tenga derecho a una (1) plaza. Respecto a la Liga que tenga dos (2) plazas, las mismas se asignar\u00e1n exclusivamente a los dos clubes que tengan el m\u00e9rito deportivo obtenido en el \u201cTorneo Anual Clasificatorio\u201d.<br \/>\nArt. 8\u00ba.- Prohibici\u00f3n \u2013 Excepci\u00f3n: Queda expresamente prohibido asignar la plaza a quien no obtenga el m\u00e9rito deportivo, de manera que, si el club que obtuvo el derecho de participar en el \u201cTorneo Regional Federal\u201d expresara su voluntad de no hacerlo, no podr\u00e1 disponer de la plaza quien lo siga en el orden de merito deportivo conseguido en el \u201cTorneo Anual Clasificatorio\u201d de la Liga.<br \/>\nQue la \u00fanica excepci\u00f3n a dicha prohibici\u00f3n ser\u00e1 cuando el campe\u00f3n del \u201cTorneo Anual Clasificatorio\u201d resulte ser un club afiliado a la Liga que participa en los Torneos superiores organizado por la Asociaci\u00f3n del F\u00fatbol Argentino: Superliga Profesional del F\u00fatbol Argentino; B Nacional o Torneo Federal \u201cA\u201d, en cuyo caso quien lo siga en el orden de m\u00e9rito deportivo del \u201cTorneo Anual Clasificatorio\u201d podr\u00e1 disponer de la plaza para disputar en representaci\u00f3n de la Liga el \u201cTorneo Federal\u201d.<br \/>\nArt. 12\u00ba.- Cl\u00e1usulas transitorias:<br \/>\n \t I) Respecto al plazo l\u00edmite para presentar a homologar el \u201cTorneo Anual Clasificatorio\u201d, para la presente temporada 2018 se extiende el plazo hasta el d\u00eda 31 de Julio de 2018, pudiendo la Liga solicitar la homologaci\u00f3n de un Torneo ya iniciado o finalizado, siempre y cuando se acredite el cumplimiento de todos los requisitos exigidos en el presente.<br \/>\n \tII) A los fines de la homologaci\u00f3n del \u201cTorneo Anual Clasificatorio\u201d, solo para la presente temporada 2018, podr\u00e1 suplirse la exigencia establecida en el art. 4\u00ba inc. VIII) y 11\u00ba inc. VIII) con un certificado m\u00e9dico suscripto por profesional m\u00e9dico matriculado que determine la aptitud f\u00edsica de los jugadores inscriptos en la lista de buena fe.<br \/>\n \tIII) A los fines de la homologaci\u00f3n del \u201cTorneo Anual Clasificatorio\u201d, solo para la presente temporada 2018, podr\u00e1 suplirse la exigencia establecida en el art. 4\u00ba inc. IX) y 11\u00ba inc. IX) acreditando que el SISTEMA COMET se encuentra activo en la Liga, y los jugadores que integren la Lista de Buena Fe de los Clubes participantes en el \u201cTorneo Anual Clasificatorio\u201d est\u00e1n registrados en dicho sistema.<\/p>\n","protected":false},"excerpt":{"rendered":"<p>Desde el Consejo Federal de AFA, ente que regula el f\u00fatbol del interior, anunci\u00f3 hace dos a\u00f1os que se estaban por producir cambios, lo que finalmente lleg\u00f3 de manera oficial, cuando el actual presidente Pablo Toviggino lo public\u00f3 en su cuenta de Twister. Apenas horas despu\u00e9s, desde el propio Consejo Federal enviaron a sus ligas [&hellip;]<\/p>\n","protected":false},"author":4,"featured_media":21255,"comment_status":"open","ping_status":"closed","sticky":false,"template":"","format":"standard","meta":{"om_disable_all_campaigns":false,"_jetpack_memberships_contains_paid_content":false,"footnotes":""},"categories":[5],"tags":[],"class_list":["post-32739","post","type-post","status-publish","format-standard","has-post-thumbnail","hentry","category-deportes"],"aioseo_notices":[],"gutentor_comment":0,"jetpack_featured_media_url":"https:\/\/eldiariodesanpedro.com.ar\/sitio\/wp-content\/uploads\/2017\/07\/futbol-arco.jpg","jetpack_shortlink":"https:\/\/wp.me\/p6RhLt-8w3","jetpack_sharing_enabled":true,"_links":{"self":[{"href":"https:\/\/eldiariodesanpedro.com.ar\/sitio\/wp-json\/wp\/v2\/posts\/32739","targetHints":{"allow":["GET"]}}],"collection":[{"href":"https:\/\/eldiariodesanpedro.com.ar\/sitio\/wp-json\/wp\/v2\/posts"}],"about":[{"href":"https:\/\/eldiariodesanpedro.com.ar\/sitio\/wp-json\/wp\/v2\/types\/post"}],"author":[{"embeddable":true,"href":"https:\/\/eldiariodesanpedro.com.ar\/sitio\/wp-json\/wp\/v2\/users\/4"}],"replies":[{"embeddable":true,"href":"https:\/\/eldiariodesanpedro.com.ar\/sitio\/wp-json\/wp\/v2\/comments?post=32739"}],"version-history":[{"count":2,"href":"https:\/\/eldiariodesanpedro.com.ar\/sitio\/wp-json\/wp\/v2\/posts\/32739\/revisions"}],"predecessor-version":[{"id":32744,"href":"https:\/\/eldiariodesanpedro.com.ar\/sitio\/wp-json\/wp\/v2\/posts\/32739\/revisions\/32744"}],"wp:featuredmedia":[{"embeddable":true,"href":"https:\/\/eldiariodesanpedro.com.ar\/sitio\/wp-json\/wp\/v2\/media\/21255"}],"wp:attachment":[{"href":"https:\/\/eldiariodesanpedro.com.ar\/sitio\/wp-json\/wp\/v2\/media?parent=32739"}],"wp:term":[{"taxonomy":"category","embeddable":true,"href":"https:\/\/eldiariodesanpedro.com.ar\/sitio\/wp-json\/wp\/v2\/categories?post=32739"},{"taxonomy":"post_tag","embeddable":true,"href":"https:\/\/eldiariodesanpedro.com.ar\/sitio\/wp-json\/wp\/v2\/tags?post=32739"}],"curies":[{"name":"wp","href":"https:\/\/api.w.org\/{rel}","templated":true}]}}