{"id":32734,"date":"2018-05-06T20:50:17","date_gmt":"2018-05-06T23:50:17","guid":{"rendered":"https:\/\/eldiariodesanpedro.com.ar\/sitio\/?p=32734"},"modified":"2026-01-24T00:13:43","modified_gmt":"2026-01-24T03:13:43","slug":"poca-actividad-deportiva-la-lluvia-gran-protagonista-del-fin-de-semana","status":"publish","type":"post","link":"https:\/\/eldiariodesanpedro.com.ar\/sitio\/poca-actividad-deportiva-la-lluvia-gran-protagonista-del-fin-de-semana\/","title":{"rendered":"POCA ACTIVIDAD DEPORTIVA: La lluvia, gran protagonista del fin de semana"},"content":{"rendered":"<p><!-- VideographyWP Plugin Message: Automatic video embedding prevented by plugin options. --><br \/>\n  Por segundo fin de semana consecutivo muchas de las actividades deportivas programadas debieron ser postergadas por las condiciones clim\u00e1ticas adversas. A lo largo de toda la semana la lluvia fue la gran protagonista y en algunos casos con tiempo suficiente pueden esperar, pero en otros donde el calendario es apretado, como el f\u00fatbol, deber\u00e1n estudiar bien cada suspensi\u00f3n para no estar complicados a fin de a\u00f1o. <\/p>\n<p><strong>F\u00fatbol pasado por agua<\/strong><br \/>\n  La Liga Infantil posterg\u00f3 la fecha 7 y la Liga mayor la fecha 5, partidos que corresponden a un largo calendario. El problema de ambas es la cantidad de cotejos en cada cancha, si se jugar\u00e1 solamente con primera seguramente se podr\u00eda disputar, parando la lluvia, pero son seis partidos en el infantil y cinco en la liga mayor, lo que equivale a dejar la cancha en condiciones muy malas. <\/p>\n<p><strong>En dos ruedas para la ruta\u2026<\/strong><br \/>\n  Ciclismo no tuvo actividad oficial en el circuito, pero s\u00ed en la ruta a Vuelta de Obligado, donde despuntaron el vicio casi un centenar de ciclistas, con una caravana multicolor, recordando viejas competencias en el lugar que fue durante mucho tiempo el circuito utilizado para mantener viva la actividad y que fue un gran semillero dando resultados favorables de ciclistas en el orden nacional.<\/p>\n<p><strong>Nueva suspensi\u00f3n del partido final de la Copa de Clubes 2018<\/strong><br \/>\n  La Comisi\u00f3n de Torneos de la Federaci\u00f3n Norte de F\u00fatbol, con el respaldo de la Comisi\u00f3n Directiva, debido a las malas condiciones clim\u00e1ticas ha decido suspender el encuentro que por la primera final de torneo \u00abPedro G. Barri\u00bb deb\u00edan jugar en la ciudad de Chacabuco el Club River Plate y el Club Sarmiento de Z\u00e1rate el d\u00eda domingo 6, como oportunamente se hab\u00eda comunicado, debiendo la Liga Deportiva de Chacabuco reprogramar la fecha de ese partido.<\/p>\n<p><strong>Prueba de jugadores: Cu\u00e1ndo el clima lo permita, con Talleres de C\u00f3rdoba y se anuncia otra con Lan\u00fas<\/strong><br \/>\n  Los clubes de f\u00fatbol de AFA siguen realizando en el interior del pa\u00eds pruebas abiertas detectando talentos y nuestra ciudad no es la excepci\u00f3n, en lo que va del a\u00f1o ya fueron varias las realizadas y ahora se anuncia una nueva, del Club Lan\u00fas en las instalaciones del Club Sportivo La Esperanza, aunque \u00e9sta y la de Talleres de C\u00f3rdoba que promocionaba el Club Mitre el pasado jueves, depender\u00e1n del clima en las fechas de realizaci\u00f3n, que en principio podr\u00eda ser mediados de semana pr\u00f3xima. Recientemente fue V\u00e9lez, propiciada por la entidad de calle Ruiz Moreno y Gerardo Esp\u00edndola.<\/p>\n<p><strong>Automovilismo<\/strong><br \/>\n  Las categor\u00edas zonales de Fedenor que disputaba su fecha en el aut\u00f3dromo \u201cEmilio Reybet\u201d de Col\u00f3n, Buenos Aires, con participaci\u00f3n de varias m\u00e1quinas de nuestra ciudad deber\u00e1n esperar una semana m\u00e1s para ver si las condiciones son aptas para la competencia. El Auto Moto Club Col\u00f3n decidi\u00f3 postergar la jornada automovil\u00edstica pasando para el pr\u00f3ximo 12 y 13 de mayo.<\/p>\n<p><strong>Hockey femenino<\/strong><br \/>\n  Los partidos de AHO que disputan Los Andes y N\u00e1utico fueron suspendidos y tambi\u00e9n el encuentro de escuelas que se realizaba en el Club Mitre con participaci\u00f3n de clubes locales y de Baradero.<\/p>\n","protected":false},"excerpt":{"rendered":"<p>Por segundo fin de semana consecutivo muchas de las actividades deportivas programadas debieron ser postergadas por las condiciones clim\u00e1ticas adversas. A lo largo de toda la semana la lluvia fue la gran protagonista y en algunos casos con tiempo suficiente pueden esperar, pero en otros donde el calendario es apretado, como el f\u00fatbol, deber\u00e1n estudiar [&hellip;]<\/p>\n","protected":false},"author":4,"featured_media":0,"comment_status":"open","ping_status":"closed","sticky":false,"template":"","format":"standard","meta":{"om_disable_all_campaigns":false,"_jetpack_memberships_contains_paid_content":false,"footnotes":""},"categories":[5],"tags":[],"class_list":["post-32734","post","type-post","status-publish","format-standard","hentry","category-deportes"],"aioseo_notices":[],"gutentor_comment":0,"jetpack_featured_media_url":"","jetpack_shortlink":"https:\/\/wp.me\/p6RhLt-8vY","jetpack_sharing_enabled":true,"_links":{"self":[{"href":"https:\/\/eldiariodesanpedro.com.ar\/sitio\/wp-json\/wp\/v2\/posts\/32734","targetHints":{"allow":["GET"]}}],"collection":[{"href":"https:\/\/eldiariodesanpedro.com.ar\/sitio\/wp-json\/wp\/v2\/posts"}],"about":[{"href":"https:\/\/eldiariodesanpedro.com.ar\/sitio\/wp-json\/wp\/v2\/types\/post"}],"author":[{"embeddable":true,"href":"https:\/\/eldiariodesanpedro.com.ar\/sitio\/wp-json\/wp\/v2\/users\/4"}],"replies":[{"embeddable":true,"href":"https:\/\/eldiariodesanpedro.com.ar\/sitio\/wp-json\/wp\/v2\/comments?post=32734"}],"version-history":[{"count":1,"href":"https:\/\/eldiariodesanpedro.com.ar\/sitio\/wp-json\/wp\/v2\/posts\/32734\/revisions"}],"predecessor-version":[{"id":32738,"href":"https:\/\/eldiariodesanpedro.com.ar\/sitio\/wp-json\/wp\/v2\/posts\/32734\/revisions\/32738"}],"wp:attachment":[{"href":"https:\/\/eldiariodesanpedro.com.ar\/sitio\/wp-json\/wp\/v2\/media?parent=32734"}],"wp:term":[{"taxonomy":"category","embeddable":true,"href":"https:\/\/eldiariodesanpedro.com.ar\/sitio\/wp-json\/wp\/v2\/categories?post=32734"},{"taxonomy":"post_tag","embeddable":true,"href":"https:\/\/eldiariodesanpedro.com.ar\/sitio\/wp-json\/wp\/v2\/tags?post=32734"}],"curies":[{"name":"wp","href":"https:\/\/api.w.org\/{rel}","templated":true}]}}