{"id":32732,"date":"2018-05-06T20:47:47","date_gmt":"2018-05-06T23:47:47","guid":{"rendered":"https:\/\/eldiariodesanpedro.com.ar\/sitio\/?p=32732"},"modified":"2018-05-06T20:47:47","modified_gmt":"2018-05-06T23:47:47","slug":"anses-participo-en-el-75-aniversario-de-la-conferencia-interamericana-de-seguridad-social","status":"publish","type":"post","link":"https:\/\/eldiariodesanpedro.com.ar\/sitio\/anses-participo-en-el-75-aniversario-de-la-conferencia-interamericana-de-seguridad-social\/","title":{"rendered":"ANSES particip\u00f3 en el 75\u00b0 aniversario de la Conferencia Interamericana de Seguridad Social"},"content":{"rendered":"<p><!-- VideographyWP Plugin Message: Automatic video embedding prevented by plugin options. --><br \/>\n  En el marco del 75\u00ba aniversario de la Conferencia Interamericana de Seguridad Social (CISS), la ANSES particip\u00f3 del evento que se desarroll\u00f3 en la ciudad de Canc\u00fan, M\u00e9xico, del 18 al 20 de abril. La actividad cont\u00f3 con paneles de debate sobre salud, envejecimiento, pensiones y mercados laborales, como as\u00ed tambi\u00e9n un foro sobre la Seguridad Social en situaciones de emergencia.<\/p>\n<p>  Los tres d\u00edas incluyeron un foro sobre situaciones de emergencia, en el cual los expertos expusieron alternativas de prevenci\u00f3n y planificaci\u00f3n ante los desastres naturales y mecanismos de recuperaci\u00f3n econ\u00f3mica, donde la Seguridad Social tiene un rol fundamental.<\/p>\n<p>A su vez, la CISS reconoci\u00f3 a la ANSES por su trayectoria de 22 a\u00f1os de trabajo y compromiso con dicho organismo internacional.<\/p>\n<p><strong>Grupos de pago para ma\u00f1ana<\/strong><br \/>\n-Titulares de la Asignaci\u00f3n Universal por Hijo y por Embarazo cuyos documentos terminan en 0.<br \/>\n-Titulares de Prestaciones No Contributivas cuyos documentos terminan en 6 y 7.<br \/>\n-Titulares de la Prestaci\u00f3n por Desempleo \u2013PLAN 2 y 3\u2013 con todas las terminaciones de documento.<\/p>\n","protected":false},"excerpt":{"rendered":"<p>En el marco del 75\u00ba aniversario de la Conferencia Interamericana de Seguridad Social (CISS), la ANSES particip\u00f3 del evento que se desarroll\u00f3 en la ciudad de Canc\u00fan, M\u00e9xico, del 18 al 20 de abril. La actividad cont\u00f3 con paneles de debate sobre salud, envejecimiento, pensiones y mercados laborales, como as\u00ed tambi\u00e9n un foro sobre la [&hellip;]<\/p>\n","protected":false},"author":4,"featured_media":5359,"comment_status":"open","ping_status":"closed","sticky":false,"template":"","format":"standard","meta":{"om_disable_all_campaigns":false,"_jetpack_memberships_contains_paid_content":false,"footnotes":""},"categories":[101,2],"tags":[],"class_list":["post-32732","post","type-post","status-publish","format-standard","has-post-thumbnail","hentry","category-interes-general-locales","category-locales"],"aioseo_notices":[],"gutentor_comment":0,"jetpack_featured_media_url":"https:\/\/eldiariodesanpedro.com.ar\/sitio\/wp-content\/uploads\/2016\/06\/anses.jpg","jetpack_shortlink":"https:\/\/wp.me\/p6RhLt-8vW","jetpack_sharing_enabled":true,"_links":{"self":[{"href":"https:\/\/eldiariodesanpedro.com.ar\/sitio\/wp-json\/wp\/v2\/posts\/32732","targetHints":{"allow":["GET"]}}],"collection":[{"href":"https:\/\/eldiariodesanpedro.com.ar\/sitio\/wp-json\/wp\/v2\/posts"}],"about":[{"href":"https:\/\/eldiariodesanpedro.com.ar\/sitio\/wp-json\/wp\/v2\/types\/post"}],"author":[{"embeddable":true,"href":"https:\/\/eldiariodesanpedro.com.ar\/sitio\/wp-json\/wp\/v2\/users\/4"}],"replies":[{"embeddable":true,"href":"https:\/\/eldiariodesanpedro.com.ar\/sitio\/wp-json\/wp\/v2\/comments?post=32732"}],"version-history":[{"count":2,"href":"https:\/\/eldiariodesanpedro.com.ar\/sitio\/wp-json\/wp\/v2\/posts\/32732\/revisions"}],"predecessor-version":[{"id":32736,"href":"https:\/\/eldiariodesanpedro.com.ar\/sitio\/wp-json\/wp\/v2\/posts\/32732\/revisions\/32736"}],"wp:featuredmedia":[{"embeddable":true,"href":"https:\/\/eldiariodesanpedro.com.ar\/sitio\/wp-json\/wp\/v2\/media\/5359"}],"wp:attachment":[{"href":"https:\/\/eldiariodesanpedro.com.ar\/sitio\/wp-json\/wp\/v2\/media?parent=32732"}],"wp:term":[{"taxonomy":"category","embeddable":true,"href":"https:\/\/eldiariodesanpedro.com.ar\/sitio\/wp-json\/wp\/v2\/categories?post=32732"},{"taxonomy":"post_tag","embeddable":true,"href":"https:\/\/eldiariodesanpedro.com.ar\/sitio\/wp-json\/wp\/v2\/tags?post=32732"}],"curies":[{"name":"wp","href":"https:\/\/api.w.org\/{rel}","templated":true}]}}