{"id":32729,"date":"2018-05-06T20:45:29","date_gmt":"2018-05-06T23:45:29","guid":{"rendered":"https:\/\/eldiariodesanpedro.com.ar\/sitio\/?p=32729"},"modified":"2018-05-06T20:45:29","modified_gmt":"2018-05-06T23:45:29","slug":"para-este-lunes-corte-de-energia-programado","status":"publish","type":"post","link":"https:\/\/eldiariodesanpedro.com.ar\/sitio\/para-este-lunes-corte-de-energia-programado\/","title":{"rendered":"PARA ESTE LUNES: Corte de energ\u00eda programado"},"content":{"rendered":"<p><!-- VideographyWP Plugin Message: Automatic video embedding prevented by plugin options. --><br \/>\n  COOPSER informa que ma\u00f1ana se realizar\u00e1, si las condiciones clim\u00e1ticas lo permiten, un corte de energ\u00eda por tareas de mantenimiento, comprendiendo la zona del cuadrante entre las calles Beaumont, Almafuerte, A. Maino y Pellegrini. <\/p>\n<p>  El mismo se extender\u00e1 entre las 8 y las 10 hs. y en caso de lluvia ser\u00e1 reprogramado.<\/p>\n","protected":false},"excerpt":{"rendered":"<p>COOPSER informa que ma\u00f1ana se realizar\u00e1, si las condiciones clim\u00e1ticas lo permiten, un corte de energ\u00eda por tareas de mantenimiento, comprendiendo la zona del cuadrante entre las calles Beaumont, Almafuerte, A. Maino y Pellegrini. El mismo se extender\u00e1 entre las 8 y las 10 hs. y en caso de lluvia ser\u00e1 reprogramado.<\/p>\n","protected":false},"author":4,"featured_media":27509,"comment_status":"open","ping_status":"closed","sticky":false,"template":"","format":"standard","meta":{"om_disable_all_campaigns":false,"_jetpack_memberships_contains_paid_content":false,"footnotes":""},"categories":[101,2],"tags":[],"class_list":["post-32729","post","type-post","status-publish","format-standard","has-post-thumbnail","hentry","category-interes-general-locales","category-locales"],"aioseo_notices":[],"gutentor_comment":0,"jetpack_featured_media_url":"https:\/\/eldiariodesanpedro.com.ar\/sitio\/wp-content\/uploads\/2018\/01\/Trabajos-de-Coopser.jpg","jetpack_shortlink":"https:\/\/wp.me\/p6RhLt-8vT","jetpack_sharing_enabled":true,"_links":{"self":[{"href":"https:\/\/eldiariodesanpedro.com.ar\/sitio\/wp-json\/wp\/v2\/posts\/32729","targetHints":{"allow":["GET"]}}],"collection":[{"href":"https:\/\/eldiariodesanpedro.com.ar\/sitio\/wp-json\/wp\/v2\/posts"}],"about":[{"href":"https:\/\/eldiariodesanpedro.com.ar\/sitio\/wp-json\/wp\/v2\/types\/post"}],"author":[{"embeddable":true,"href":"https:\/\/eldiariodesanpedro.com.ar\/sitio\/wp-json\/wp\/v2\/users\/4"}],"replies":[{"embeddable":true,"href":"https:\/\/eldiariodesanpedro.com.ar\/sitio\/wp-json\/wp\/v2\/comments?post=32729"}],"version-history":[{"count":2,"href":"https:\/\/eldiariodesanpedro.com.ar\/sitio\/wp-json\/wp\/v2\/posts\/32729\/revisions"}],"predecessor-version":[{"id":32733,"href":"https:\/\/eldiariodesanpedro.com.ar\/sitio\/wp-json\/wp\/v2\/posts\/32729\/revisions\/32733"}],"wp:featuredmedia":[{"embeddable":true,"href":"https:\/\/eldiariodesanpedro.com.ar\/sitio\/wp-json\/wp\/v2\/media\/27509"}],"wp:attachment":[{"href":"https:\/\/eldiariodesanpedro.com.ar\/sitio\/wp-json\/wp\/v2\/media?parent=32729"}],"wp:term":[{"taxonomy":"category","embeddable":true,"href":"https:\/\/eldiariodesanpedro.com.ar\/sitio\/wp-json\/wp\/v2\/categories?post=32729"},{"taxonomy":"post_tag","embeddable":true,"href":"https:\/\/eldiariodesanpedro.com.ar\/sitio\/wp-json\/wp\/v2\/tags?post=32729"}],"curies":[{"name":"wp","href":"https:\/\/api.w.org\/{rel}","templated":true}]}}