{"id":32727,"date":"2018-05-06T20:44:47","date_gmt":"2018-05-06T23:44:47","guid":{"rendered":"https:\/\/eldiariodesanpedro.com.ar\/sitio\/?p=32727"},"modified":"2018-05-06T20:44:47","modified_gmt":"2018-05-06T23:44:47","slug":"motocicleta-colisiono-con-automovil","status":"publish","type":"post","link":"https:\/\/eldiariodesanpedro.com.ar\/sitio\/motocicleta-colisiono-con-automovil\/","title":{"rendered":"Motocicleta colision\u00f3 con autom\u00f3vil"},"content":{"rendered":"<p><!-- VideographyWP Plugin Message: Automatic video embedding prevented by plugin options. --><br \/>\n  El s\u00e1bado por la noche alrededor de las 19 hs., ocurri\u00f3 un accidente de tr\u00e1nsito en la esquina de Juan B. Justo y Salta, donde una motocicleta Honda Twister roja y blanca, que era conducida por un joven, colision\u00f3 contra un autom\u00f3vil Peugeot 306 gris. <\/p>\n<p>  El conductor de la motocicleta que circulaba por Juan B. Justo, al llegar a la intersecci\u00f3n nombrada anteriormente, colision\u00f3 en la puerta del veh\u00edculo que iba cruzando. Como circulaba a gran velocidad, rompi\u00f3 el vidrio del conductor del autom\u00f3vil con su cabeza; afortunadamente llevaba casco y evit\u00f3 lesiones m\u00e1s graves. <\/p>\n<p>  Fue trasladado a la guardia del Hospital por la ambulancia del CEM donde fue atendido por los m\u00e9dicos y se constat\u00f3 que no sufri\u00f3 heridas graves.<\/p>\n","protected":false},"excerpt":{"rendered":"<p>El s\u00e1bado por la noche alrededor de las 19 hs., ocurri\u00f3 un accidente de tr\u00e1nsito en la esquina de Juan B. Justo y Salta, donde una motocicleta Honda Twister roja y blanca, que era conducida por un joven, colision\u00f3 contra un autom\u00f3vil Peugeot 306 gris. El conductor de la motocicleta que circulaba por Juan B. [&hellip;]<\/p>\n","protected":false},"author":4,"featured_media":32728,"comment_status":"open","ping_status":"closed","sticky":false,"template":"","format":"standard","meta":{"om_disable_all_campaigns":false,"_jetpack_memberships_contains_paid_content":false,"footnotes":""},"categories":[2,103],"tags":[],"class_list":["post-32727","post","type-post","status-publish","format-standard","has-post-thumbnail","hentry","category-locales","category-policiales-locales"],"aioseo_notices":[],"gutentor_comment":0,"jetpack_featured_media_url":"https:\/\/eldiariodesanpedro.com.ar\/sitio\/wp-content\/uploads\/2018\/05\/El-conductor-de-la-moto-circulaba-a-gran-velocidad.jpg","jetpack_shortlink":"https:\/\/wp.me\/p6RhLt-8vR","jetpack_sharing_enabled":true,"_links":{"self":[{"href":"https:\/\/eldiariodesanpedro.com.ar\/sitio\/wp-json\/wp\/v2\/posts\/32727","targetHints":{"allow":["GET"]}}],"collection":[{"href":"https:\/\/eldiariodesanpedro.com.ar\/sitio\/wp-json\/wp\/v2\/posts"}],"about":[{"href":"https:\/\/eldiariodesanpedro.com.ar\/sitio\/wp-json\/wp\/v2\/types\/post"}],"author":[{"embeddable":true,"href":"https:\/\/eldiariodesanpedro.com.ar\/sitio\/wp-json\/wp\/v2\/users\/4"}],"replies":[{"embeddable":true,"href":"https:\/\/eldiariodesanpedro.com.ar\/sitio\/wp-json\/wp\/v2\/comments?post=32727"}],"version-history":[{"count":1,"href":"https:\/\/eldiariodesanpedro.com.ar\/sitio\/wp-json\/wp\/v2\/posts\/32727\/revisions"}],"predecessor-version":[{"id":32730,"href":"https:\/\/eldiariodesanpedro.com.ar\/sitio\/wp-json\/wp\/v2\/posts\/32727\/revisions\/32730"}],"wp:featuredmedia":[{"embeddable":true,"href":"https:\/\/eldiariodesanpedro.com.ar\/sitio\/wp-json\/wp\/v2\/media\/32728"}],"wp:attachment":[{"href":"https:\/\/eldiariodesanpedro.com.ar\/sitio\/wp-json\/wp\/v2\/media?parent=32727"}],"wp:term":[{"taxonomy":"category","embeddable":true,"href":"https:\/\/eldiariodesanpedro.com.ar\/sitio\/wp-json\/wp\/v2\/categories?post=32727"},{"taxonomy":"post_tag","embeddable":true,"href":"https:\/\/eldiariodesanpedro.com.ar\/sitio\/wp-json\/wp\/v2\/tags?post=32727"}],"curies":[{"name":"wp","href":"https:\/\/api.w.org\/{rel}","templated":true}]}}