{"id":32723,"date":"2018-05-06T20:41:44","date_gmt":"2018-05-06T23:41:44","guid":{"rendered":"https:\/\/eldiariodesanpedro.com.ar\/sitio\/?p=32723"},"modified":"2018-05-06T20:41:44","modified_gmt":"2018-05-06T23:41:44","slug":"delincuente-ingreso-en-un-domicilio-y-se-llevo-un-telefono-celular","status":"publish","type":"post","link":"https:\/\/eldiariodesanpedro.com.ar\/sitio\/delincuente-ingreso-en-un-domicilio-y-se-llevo-un-telefono-celular\/","title":{"rendered":"Delincuente ingres\u00f3 en un domicilio y se llev\u00f3 un tel\u00e9fono celular"},"content":{"rendered":"<p><!-- VideographyWP Plugin Message: Automatic video embedding prevented by plugin options. --><br \/>\n  En la noche del s\u00e1bado, alrededor de las 20 hs., se produjo un il\u00edcito en una casa ubicada sobre calle Ayacucho y Sargento Selada.<\/p>\n<p>  El hecho ocurri\u00f3 cuando una mujer que se encontraba en su domicilio fue abordada por un delincuente que, amenaz\u00e1ndola con un arma blanca que puso sobre su cuello, le pidi\u00f3 dinero en efectivo. Como la v\u00edctima asegur\u00f3 no tener, el malviviente se llev\u00f3 su tel\u00e9fono celular. <\/p>\n","protected":false},"excerpt":{"rendered":"<p>En la noche del s\u00e1bado, alrededor de las 20 hs., se produjo un il\u00edcito en una casa ubicada sobre calle Ayacucho y Sargento Selada. El hecho ocurri\u00f3 cuando una mujer que se encontraba en su domicilio fue abordada por un delincuente que, amenaz\u00e1ndola con un arma blanca que puso sobre su cuello, le pidi\u00f3 dinero [&hellip;]<\/p>\n","protected":false},"author":4,"featured_media":32724,"comment_status":"open","ping_status":"closed","sticky":false,"template":"","format":"standard","meta":{"om_disable_all_campaigns":false,"_jetpack_memberships_contains_paid_content":false,"footnotes":""},"categories":[2,103],"tags":[],"class_list":["post-32723","post","type-post","status-publish","format-standard","has-post-thumbnail","hentry","category-locales","category-policiales-locales"],"aioseo_notices":[],"gutentor_comment":0,"jetpack_featured_media_url":"https:\/\/eldiariodesanpedro.com.ar\/sitio\/wp-content\/uploads\/2018\/05\/La-Polic\u00eda-asisti\u00f3-al-domicilio.jpeg","jetpack_shortlink":"https:\/\/wp.me\/p6RhLt-8vN","jetpack_sharing_enabled":true,"_links":{"self":[{"href":"https:\/\/eldiariodesanpedro.com.ar\/sitio\/wp-json\/wp\/v2\/posts\/32723","targetHints":{"allow":["GET"]}}],"collection":[{"href":"https:\/\/eldiariodesanpedro.com.ar\/sitio\/wp-json\/wp\/v2\/posts"}],"about":[{"href":"https:\/\/eldiariodesanpedro.com.ar\/sitio\/wp-json\/wp\/v2\/types\/post"}],"author":[{"embeddable":true,"href":"https:\/\/eldiariodesanpedro.com.ar\/sitio\/wp-json\/wp\/v2\/users\/4"}],"replies":[{"embeddable":true,"href":"https:\/\/eldiariodesanpedro.com.ar\/sitio\/wp-json\/wp\/v2\/comments?post=32723"}],"version-history":[{"count":2,"href":"https:\/\/eldiariodesanpedro.com.ar\/sitio\/wp-json\/wp\/v2\/posts\/32723\/revisions"}],"predecessor-version":[{"id":32726,"href":"https:\/\/eldiariodesanpedro.com.ar\/sitio\/wp-json\/wp\/v2\/posts\/32723\/revisions\/32726"}],"wp:featuredmedia":[{"embeddable":true,"href":"https:\/\/eldiariodesanpedro.com.ar\/sitio\/wp-json\/wp\/v2\/media\/32724"}],"wp:attachment":[{"href":"https:\/\/eldiariodesanpedro.com.ar\/sitio\/wp-json\/wp\/v2\/media?parent=32723"}],"wp:term":[{"taxonomy":"category","embeddable":true,"href":"https:\/\/eldiariodesanpedro.com.ar\/sitio\/wp-json\/wp\/v2\/categories?post=32723"},{"taxonomy":"post_tag","embeddable":true,"href":"https:\/\/eldiariodesanpedro.com.ar\/sitio\/wp-json\/wp\/v2\/tags?post=32723"}],"curies":[{"name":"wp","href":"https:\/\/api.w.org\/{rel}","templated":true}]}}