{"id":32718,"date":"2018-05-06T20:40:32","date_gmt":"2018-05-06T23:40:32","guid":{"rendered":"https:\/\/eldiariodesanpedro.com.ar\/sitio\/?p=32718"},"modified":"2018-05-06T20:40:32","modified_gmt":"2018-05-06T23:40:32","slug":"se-realizaron-allanamientos-tras-el-robo-al-repartidor","status":"publish","type":"post","link":"https:\/\/eldiariodesanpedro.com.ar\/sitio\/se-realizaron-allanamientos-tras-el-robo-al-repartidor\/","title":{"rendered":"Se realizaron allanamientos tras el robo al repartidor"},"content":{"rendered":"<p><!-- VideographyWP Plugin Message: Automatic video embedding prevented by plugin options. --><br \/>\n  Este viernes, luego del robo perpetrado el d\u00eda anterior a un cami\u00f3n repartidor de una empresa local, cuando su chofer se encontraba dentro del supermercado chino sito sobre calle Caseros, la pareja autora del il\u00edcito fue reconocida gracias a las grabaciones de una c\u00e1mara de seguridad.<\/p>\n<p>  El hecho fue que una pareja que circulaba en una motocicleta se percat\u00f3 que la camioneta del repartidor se encontraba con las ventanillas y puertas abiertas y que su chofer no estaba dentro. Aprovechando esta situaci\u00f3n, pararon m\u00e1s adelante el veh\u00edculo y el var\u00f3n volvi\u00f3 al lugar donde estaba estacionado el cami\u00f3n, subi\u00f3 al mismo y rob\u00f3 el dinero de la recaudaci\u00f3n, d\u00e1ndose a la fuga r\u00e1pidamente en la motocicleta.<\/p>\n<p>  Tras ser identificados, se realizaron allanamientos que arrojaron resultados negativos para el secuestro de lo sustra\u00eddo como as\u00ed otro elemento de inter\u00e9s. No se adopt\u00f3 ning\u00fan tipo de medida para con los ladrones.<\/p>\n","protected":false},"excerpt":{"rendered":"<p>Este viernes, luego del robo perpetrado el d\u00eda anterior a un cami\u00f3n repartidor de una empresa local, cuando su chofer se encontraba dentro del supermercado chino sito sobre calle Caseros, la pareja autora del il\u00edcito fue reconocida gracias a las grabaciones de una c\u00e1mara de seguridad. El hecho fue que una pareja que circulaba en [&hellip;]<\/p>\n","protected":false},"author":4,"featured_media":32721,"comment_status":"open","ping_status":"closed","sticky":false,"template":"","format":"standard","meta":{"om_disable_all_campaigns":false,"_jetpack_memberships_contains_paid_content":false,"footnotes":""},"categories":[2,103],"tags":[],"class_list":["post-32718","post","type-post","status-publish","format-standard","has-post-thumbnail","hentry","category-locales","category-policiales-locales"],"aioseo_notices":[],"gutentor_comment":0,"jetpack_featured_media_url":"https:\/\/eldiariodesanpedro.com.ar\/sitio\/wp-content\/uploads\/2018\/05\/Se-realizaron-allanamientos-tras-el-robo-al-repartidor.jpeg","jetpack_shortlink":"https:\/\/wp.me\/p6RhLt-8vI","jetpack_sharing_enabled":true,"_links":{"self":[{"href":"https:\/\/eldiariodesanpedro.com.ar\/sitio\/wp-json\/wp\/v2\/posts\/32718","targetHints":{"allow":["GET"]}}],"collection":[{"href":"https:\/\/eldiariodesanpedro.com.ar\/sitio\/wp-json\/wp\/v2\/posts"}],"about":[{"href":"https:\/\/eldiariodesanpedro.com.ar\/sitio\/wp-json\/wp\/v2\/types\/post"}],"author":[{"embeddable":true,"href":"https:\/\/eldiariodesanpedro.com.ar\/sitio\/wp-json\/wp\/v2\/users\/4"}],"replies":[{"embeddable":true,"href":"https:\/\/eldiariodesanpedro.com.ar\/sitio\/wp-json\/wp\/v2\/comments?post=32718"}],"version-history":[{"count":1,"href":"https:\/\/eldiariodesanpedro.com.ar\/sitio\/wp-json\/wp\/v2\/posts\/32718\/revisions"}],"predecessor-version":[{"id":32722,"href":"https:\/\/eldiariodesanpedro.com.ar\/sitio\/wp-json\/wp\/v2\/posts\/32718\/revisions\/32722"}],"wp:featuredmedia":[{"embeddable":true,"href":"https:\/\/eldiariodesanpedro.com.ar\/sitio\/wp-json\/wp\/v2\/media\/32721"}],"wp:attachment":[{"href":"https:\/\/eldiariodesanpedro.com.ar\/sitio\/wp-json\/wp\/v2\/media?parent=32718"}],"wp:term":[{"taxonomy":"category","embeddable":true,"href":"https:\/\/eldiariodesanpedro.com.ar\/sitio\/wp-json\/wp\/v2\/categories?post=32718"},{"taxonomy":"post_tag","embeddable":true,"href":"https:\/\/eldiariodesanpedro.com.ar\/sitio\/wp-json\/wp\/v2\/tags?post=32718"}],"curies":[{"name":"wp","href":"https:\/\/api.w.org\/{rel}","templated":true}]}}