{"id":32715,"date":"2018-05-06T20:38:16","date_gmt":"2018-05-06T23:38:16","guid":{"rendered":"https:\/\/eldiariodesanpedro.com.ar\/sitio\/?p=32715"},"modified":"2018-05-06T20:38:16","modified_gmt":"2018-05-06T23:38:16","slug":"robaron-en-la-escuela-san-roque","status":"publish","type":"post","link":"https:\/\/eldiariodesanpedro.com.ar\/sitio\/robaron-en-la-escuela-san-roque\/","title":{"rendered":"Robaron en la escuela San Roque"},"content":{"rendered":"<p><!-- VideographyWP Plugin Message: Automatic video embedding prevented by plugin options. --><br \/>\n  Este viernes, un hombre mayor de edad miembro de la Comisi\u00f3n pro-escuela San Roque denunci\u00f3 en la Comisar\u00eda local que, en el predio donde se construye la Escuela, situada en intersecci\u00f3n calle Depietri y Laprida, constataron el faltante de rejas de hierro y material desplegable de gran magnitud color negro y una puerta de reja color negra.<\/p>\n","protected":false},"excerpt":{"rendered":"<p>Este viernes, un hombre mayor de edad miembro de la Comisi\u00f3n pro-escuela San Roque denunci\u00f3 en la Comisar\u00eda local que, en el predio donde se construye la Escuela, situada en intersecci\u00f3n calle Depietri y Laprida, constataron el faltante de rejas de hierro y material desplegable de gran magnitud color negro y una puerta de reja [&hellip;]<\/p>\n","protected":false},"author":4,"featured_media":19583,"comment_status":"open","ping_status":"closed","sticky":false,"template":"","format":"standard","meta":{"om_disable_all_campaigns":false,"_jetpack_memberships_contains_paid_content":false,"footnotes":""},"categories":[2,103],"tags":[],"class_list":["post-32715","post","type-post","status-publish","format-standard","has-post-thumbnail","hentry","category-locales","category-policiales-locales"],"aioseo_notices":[],"gutentor_comment":0,"jetpack_featured_media_url":"https:\/\/eldiariodesanpedro.com.ar\/sitio\/wp-content\/uploads\/2017\/06\/policia.jpg","jetpack_shortlink":"https:\/\/wp.me\/p6RhLt-8vF","jetpack_sharing_enabled":true,"_links":{"self":[{"href":"https:\/\/eldiariodesanpedro.com.ar\/sitio\/wp-json\/wp\/v2\/posts\/32715","targetHints":{"allow":["GET"]}}],"collection":[{"href":"https:\/\/eldiariodesanpedro.com.ar\/sitio\/wp-json\/wp\/v2\/posts"}],"about":[{"href":"https:\/\/eldiariodesanpedro.com.ar\/sitio\/wp-json\/wp\/v2\/types\/post"}],"author":[{"embeddable":true,"href":"https:\/\/eldiariodesanpedro.com.ar\/sitio\/wp-json\/wp\/v2\/users\/4"}],"replies":[{"embeddable":true,"href":"https:\/\/eldiariodesanpedro.com.ar\/sitio\/wp-json\/wp\/v2\/comments?post=32715"}],"version-history":[{"count":2,"href":"https:\/\/eldiariodesanpedro.com.ar\/sitio\/wp-json\/wp\/v2\/posts\/32715\/revisions"}],"predecessor-version":[{"id":32719,"href":"https:\/\/eldiariodesanpedro.com.ar\/sitio\/wp-json\/wp\/v2\/posts\/32715\/revisions\/32719"}],"wp:featuredmedia":[{"embeddable":true,"href":"https:\/\/eldiariodesanpedro.com.ar\/sitio\/wp-json\/wp\/v2\/media\/19583"}],"wp:attachment":[{"href":"https:\/\/eldiariodesanpedro.com.ar\/sitio\/wp-json\/wp\/v2\/media?parent=32715"}],"wp:term":[{"taxonomy":"category","embeddable":true,"href":"https:\/\/eldiariodesanpedro.com.ar\/sitio\/wp-json\/wp\/v2\/categories?post=32715"},{"taxonomy":"post_tag","embeddable":true,"href":"https:\/\/eldiariodesanpedro.com.ar\/sitio\/wp-json\/wp\/v2\/tags?post=32715"}],"curies":[{"name":"wp","href":"https:\/\/api.w.org\/{rel}","templated":true}]}}