{"id":32714,"date":"2018-05-06T20:36:59","date_gmt":"2018-05-06T23:36:59","guid":{"rendered":"https:\/\/eldiariodesanpedro.com.ar\/sitio\/?p=32714"},"modified":"2018-05-06T20:36:59","modified_gmt":"2018-05-06T23:36:59","slug":"policias-agredidos-cuando-realizaban-operativo","status":"publish","type":"post","link":"https:\/\/eldiariodesanpedro.com.ar\/sitio\/policias-agredidos-cuando-realizaban-operativo\/","title":{"rendered":"Polic\u00edas agredidos cuando realizaban operativo"},"content":{"rendered":"<p><!-- VideographyWP Plugin Message: Automatic video embedding prevented by plugin options. --><br \/>\nEste viernes a ra\u00edz de un llamado al 911, el personal policial de nuestra ciudad se constituy\u00f3 en calles Rivero y Gral. Pueyrred\u00f3n, donde autores desconocidos hab\u00edan efectuado disparos de arma de fuego. Cuando los efectivos arribaron e intentaron identificar a los malvivientes, vecinos y familiares de los autores de los disparos comenzaron a lanzar piedras contra el m\u00f3vil policial, logrando impactar en un efectivo, caus\u00e1ndole una lesi\u00f3n cortante en el rostro.<\/p>\n<p>  Los autores materiales se dieron a la fuga por lo que no pudieron ser aprehendidos. <\/p>\n","protected":false},"excerpt":{"rendered":"<p>Este viernes a ra\u00edz de un llamado al 911, el personal policial de nuestra ciudad se constituy\u00f3 en calles Rivero y Gral. Pueyrred\u00f3n, donde autores desconocidos hab\u00edan efectuado disparos de arma de fuego. Cuando los efectivos arribaron e intentaron identificar a los malvivientes, vecinos y familiares de los autores de los disparos comenzaron a lanzar [&hellip;]<\/p>\n","protected":false},"author":4,"featured_media":19046,"comment_status":"open","ping_status":"closed","sticky":false,"template":"","format":"standard","meta":{"om_disable_all_campaigns":false,"_jetpack_memberships_contains_paid_content":false,"footnotes":""},"categories":[2,103],"tags":[],"class_list":["post-32714","post","type-post","status-publish","format-standard","has-post-thumbnail","hentry","category-locales","category-policiales-locales"],"aioseo_notices":[],"gutentor_comment":0,"jetpack_featured_media_url":"https:\/\/eldiariodesanpedro.com.ar\/sitio\/wp-content\/uploads\/2017\/05\/policia-local-noche.jpg","jetpack_shortlink":"https:\/\/wp.me\/p6RhLt-8vE","jetpack_sharing_enabled":true,"_links":{"self":[{"href":"https:\/\/eldiariodesanpedro.com.ar\/sitio\/wp-json\/wp\/v2\/posts\/32714","targetHints":{"allow":["GET"]}}],"collection":[{"href":"https:\/\/eldiariodesanpedro.com.ar\/sitio\/wp-json\/wp\/v2\/posts"}],"about":[{"href":"https:\/\/eldiariodesanpedro.com.ar\/sitio\/wp-json\/wp\/v2\/types\/post"}],"author":[{"embeddable":true,"href":"https:\/\/eldiariodesanpedro.com.ar\/sitio\/wp-json\/wp\/v2\/users\/4"}],"replies":[{"embeddable":true,"href":"https:\/\/eldiariodesanpedro.com.ar\/sitio\/wp-json\/wp\/v2\/comments?post=32714"}],"version-history":[{"count":1,"href":"https:\/\/eldiariodesanpedro.com.ar\/sitio\/wp-json\/wp\/v2\/posts\/32714\/revisions"}],"predecessor-version":[{"id":32716,"href":"https:\/\/eldiariodesanpedro.com.ar\/sitio\/wp-json\/wp\/v2\/posts\/32714\/revisions\/32716"}],"wp:featuredmedia":[{"embeddable":true,"href":"https:\/\/eldiariodesanpedro.com.ar\/sitio\/wp-json\/wp\/v2\/media\/19046"}],"wp:attachment":[{"href":"https:\/\/eldiariodesanpedro.com.ar\/sitio\/wp-json\/wp\/v2\/media?parent=32714"}],"wp:term":[{"taxonomy":"category","embeddable":true,"href":"https:\/\/eldiariodesanpedro.com.ar\/sitio\/wp-json\/wp\/v2\/categories?post=32714"},{"taxonomy":"post_tag","embeddable":true,"href":"https:\/\/eldiariodesanpedro.com.ar\/sitio\/wp-json\/wp\/v2\/tags?post=32714"}],"curies":[{"name":"wp","href":"https:\/\/api.w.org\/{rel}","templated":true}]}}