{"id":32709,"date":"2018-05-06T20:19:09","date_gmt":"2018-05-06T23:19:09","guid":{"rendered":"https:\/\/eldiariodesanpedro.com.ar\/sitio\/?p=32709"},"modified":"2018-05-06T20:19:09","modified_gmt":"2018-05-06T23:19:09","slug":"san-nicolas-policia-detuvo-a-la-mama-de-la-nena-de-dos-anos-fallecida-en-arrecifes","status":"publish","type":"post","link":"https:\/\/eldiariodesanpedro.com.ar\/sitio\/san-nicolas-policia-detuvo-a-la-mama-de-la-nena-de-dos-anos-fallecida-en-arrecifes\/","title":{"rendered":"SAN NICOL\u00c1S: Polic\u00eda detuvo a la mam\u00e1 de la nena de dos a\u00f1os fallecida en Arrecifes"},"content":{"rendered":"<p><!-- VideographyWP Plugin Message: Automatic video embedding prevented by plugin options. --><br \/>\nPersonal de la Sub DDI de Arrecifes y DDI San Nicol\u00e1s, logr\u00f3 la aprehensi\u00f3n de la madre de la ni\u00f1a de dos a\u00f1os, Malena, qui\u00e9n falleci\u00f3 en el Hospital de Pergamino producto de haber recibido numerosos golpes en el cr\u00e1neo. La madre en un primer momento habr\u00eda dado una versi\u00f3n de lo sucedido, la cual luego, habr\u00eda cambiado. Los investigadores habr\u00edan determinado que ella era la culpable de su muerte.<\/p>\n<p>  El jueves, la Sub DDI de Arrecifes, dependiente de la DDI de San Nicol\u00e1s, detuvo a la mam\u00e1 de la peque\u00f1a Malena de dos a\u00f1os, quien estuvo internada en coma en el nosocomio de Pergamino y finalmente falleci\u00f3 el pasado 28 de abril. <\/p>\n<p>  La peque\u00f1a presentaba numerosos hematomas de golpes y se hallaba internada en el Hospital derivada de la vecina localidad de Arrecifes, con respirador por convulsi\u00f3n por trauma cr\u00e1neo facial, con hemorragias retinianas, siendo estas lesiones traum\u00e1ticas directas. <\/p>\n<p>  Finalmente y, a pesar del denodado esfuerzo de los profesionales de la salud, la ni\u00f1a falleci\u00f3 debido a \u201cInhibici\u00f3n neurol\u00f3gica por hemorragia cerebral, por traumatismo de cr\u00e1neo\u201d. La madre se encuentra sospechada de haberle infligido los golpes que le provocaron la muerte a Malena.<\/p>\n<p>  La causa es investigada por el Fiscal Nicole\u00f1o el Dr. Jorge Leveratto quien hoy le tom\u00f3 declaraci\u00f3n testimonial en sede de la Fiscal\u00eda de nuestra ciudad a la madre.<\/p>\n<p>  La mujer fue detenida, acusada de \u201chomicidio preterintencional\u201d, en momentos en que se encontraba en su domicilio.<\/p>\n<p>Fuente: Diario El Norte<\/p>\n","protected":false},"excerpt":{"rendered":"<p>Personal de la Sub DDI de Arrecifes y DDI San Nicol\u00e1s, logr\u00f3 la aprehensi\u00f3n de la madre de la ni\u00f1a de dos a\u00f1os, Malena, qui\u00e9n falleci\u00f3 en el Hospital de Pergamino producto de haber recibido numerosos golpes en el cr\u00e1neo. La madre en un primer momento habr\u00eda dado una versi\u00f3n de lo sucedido, la cual [&hellip;]<\/p>\n","protected":false},"author":4,"featured_media":32711,"comment_status":"open","ping_status":"closed","sticky":false,"template":"","format":"standard","meta":{"om_disable_all_campaigns":false,"_jetpack_memberships_contains_paid_content":false,"footnotes":""},"categories":[621],"tags":[],"class_list":["post-32709","post","type-post","status-publish","format-standard","has-post-thumbnail","hentry","category-regionales"],"aioseo_notices":[],"gutentor_comment":0,"jetpack_featured_media_url":"https:\/\/eldiariodesanpedro.com.ar\/sitio\/wp-content\/uploads\/2018\/05\/La-polic\u00eda-detuvo-a-la-madre-de-la-menor-en-su-domicilio.jpg","jetpack_shortlink":"https:\/\/wp.me\/p6RhLt-8vz","jetpack_sharing_enabled":true,"_links":{"self":[{"href":"https:\/\/eldiariodesanpedro.com.ar\/sitio\/wp-json\/wp\/v2\/posts\/32709","targetHints":{"allow":["GET"]}}],"collection":[{"href":"https:\/\/eldiariodesanpedro.com.ar\/sitio\/wp-json\/wp\/v2\/posts"}],"about":[{"href":"https:\/\/eldiariodesanpedro.com.ar\/sitio\/wp-json\/wp\/v2\/types\/post"}],"author":[{"embeddable":true,"href":"https:\/\/eldiariodesanpedro.com.ar\/sitio\/wp-json\/wp\/v2\/users\/4"}],"replies":[{"embeddable":true,"href":"https:\/\/eldiariodesanpedro.com.ar\/sitio\/wp-json\/wp\/v2\/comments?post=32709"}],"version-history":[{"count":1,"href":"https:\/\/eldiariodesanpedro.com.ar\/sitio\/wp-json\/wp\/v2\/posts\/32709\/revisions"}],"predecessor-version":[{"id":32713,"href":"https:\/\/eldiariodesanpedro.com.ar\/sitio\/wp-json\/wp\/v2\/posts\/32709\/revisions\/32713"}],"wp:featuredmedia":[{"embeddable":true,"href":"https:\/\/eldiariodesanpedro.com.ar\/sitio\/wp-json\/wp\/v2\/media\/32711"}],"wp:attachment":[{"href":"https:\/\/eldiariodesanpedro.com.ar\/sitio\/wp-json\/wp\/v2\/media?parent=32709"}],"wp:term":[{"taxonomy":"category","embeddable":true,"href":"https:\/\/eldiariodesanpedro.com.ar\/sitio\/wp-json\/wp\/v2\/categories?post=32709"},{"taxonomy":"post_tag","embeddable":true,"href":"https:\/\/eldiariodesanpedro.com.ar\/sitio\/wp-json\/wp\/v2\/tags?post=32709"}],"curies":[{"name":"wp","href":"https:\/\/api.w.org\/{rel}","templated":true}]}}