{"id":32707,"date":"2018-05-06T20:19:07","date_gmt":"2018-05-06T23:19:07","guid":{"rendered":"https:\/\/eldiariodesanpedro.com.ar\/sitio\/?p=32707"},"modified":"2018-05-06T20:19:07","modified_gmt":"2018-05-06T23:19:07","slug":"san-nicolas-se-creian-vikingos-y-terminaron-presos","status":"publish","type":"post","link":"https:\/\/eldiariodesanpedro.com.ar\/sitio\/san-nicolas-se-creian-vikingos-y-terminaron-presos\/","title":{"rendered":"SAN NICOL\u00c1S: Se cre\u00edan vikingos y terminaron presos"},"content":{"rendered":"<p><!-- VideographyWP Plugin Message: Automatic video embedding prevented by plugin options. --><br \/>\nUn inusual hecho de violencia tuvo lugar en las tranquilas calles de la localidad de La Emilia cuando dos sujetos, portando hacha y amortiguador, desafiaban a los transe\u00fantes a pelear. Personal policial debi\u00f3 forcejear para su detenci\u00f3n, secuestr\u00e1ndoles los elementos mencionados y un bagullo de marihuana.<\/p>\n<p>  A veces la delgada l\u00ednea entre la ficci\u00f3n y la realidad se desvanece y algunos, envalentonados por lo que ven reflejado en la pantalla chica, salen a replicar a los h\u00e9roes de la ficci\u00f3n sin saber bien a ciencia cierta qu\u00e9 es lo que quieren hacer. As\u00ed parece que fue el caso de dos sujetos de 29 y 36 a\u00f1os, ninguno de ellos menor, que portando un hacha bien al estilo de los vikingos y el otro con un amortiguador, vaya a saber queriendo emular qu\u00e9 cosa, se pararon en la esquina de Alias y Gonz\u00e1lez donde a viva voz y en un estado bastante alterado, desafiaban a pelar a los ocasionales transe\u00fantes, con agravios e insultos. <\/p>\n<p>Detenci\u00f3n<br \/>\n  Esta actitud guerrera se vio disminuida cuando se hicieron presentes personal de la jefatura departamental de La Emilia, juntamente con efectivos del Comando de Patrulla, los cuales les bajaron los \u00e1nimos a los imitadores de guerreros y, tras una breve, pero r\u00e1pidamente reprimida resistencia, lograron dominarlos secuestr\u00e1ndoles los elementos mencionados, adem\u00e1s de un envoltorio de nylon blanco, conteniendo marihuana, que llevar\u00eda uno de los aprehendidos. <\/p>\n<p>Fuente: Diario El Norte<\/p>\n","protected":false},"excerpt":{"rendered":"<p>Un inusual hecho de violencia tuvo lugar en las tranquilas calles de la localidad de La Emilia cuando dos sujetos, portando hacha y amortiguador, desafiaban a los transe\u00fantes a pelear. Personal policial debi\u00f3 forcejear para su detenci\u00f3n, secuestr\u00e1ndoles los elementos mencionados y un bagullo de marihuana. A veces la delgada l\u00ednea entre la ficci\u00f3n y [&hellip;]<\/p>\n","protected":false},"author":4,"featured_media":32710,"comment_status":"open","ping_status":"closed","sticky":false,"template":"","format":"standard","meta":{"om_disable_all_campaigns":false,"_jetpack_memberships_contains_paid_content":false,"footnotes":""},"categories":[621],"tags":[],"class_list":["post-32707","post","type-post","status-publish","format-standard","has-post-thumbnail","hentry","category-regionales"],"aioseo_notices":[],"gutentor_comment":0,"jetpack_featured_media_url":"https:\/\/eldiariodesanpedro.com.ar\/sitio\/wp-content\/uploads\/2018\/05\/Se-cre\u00edan-vikingos-y-terminaron-presos.jpg","jetpack_shortlink":"https:\/\/wp.me\/p6RhLt-8vx","jetpack_sharing_enabled":true,"_links":{"self":[{"href":"https:\/\/eldiariodesanpedro.com.ar\/sitio\/wp-json\/wp\/v2\/posts\/32707","targetHints":{"allow":["GET"]}}],"collection":[{"href":"https:\/\/eldiariodesanpedro.com.ar\/sitio\/wp-json\/wp\/v2\/posts"}],"about":[{"href":"https:\/\/eldiariodesanpedro.com.ar\/sitio\/wp-json\/wp\/v2\/types\/post"}],"author":[{"embeddable":true,"href":"https:\/\/eldiariodesanpedro.com.ar\/sitio\/wp-json\/wp\/v2\/users\/4"}],"replies":[{"embeddable":true,"href":"https:\/\/eldiariodesanpedro.com.ar\/sitio\/wp-json\/wp\/v2\/comments?post=32707"}],"version-history":[{"count":1,"href":"https:\/\/eldiariodesanpedro.com.ar\/sitio\/wp-json\/wp\/v2\/posts\/32707\/revisions"}],"predecessor-version":[{"id":32712,"href":"https:\/\/eldiariodesanpedro.com.ar\/sitio\/wp-json\/wp\/v2\/posts\/32707\/revisions\/32712"}],"wp:featuredmedia":[{"embeddable":true,"href":"https:\/\/eldiariodesanpedro.com.ar\/sitio\/wp-json\/wp\/v2\/media\/32710"}],"wp:attachment":[{"href":"https:\/\/eldiariodesanpedro.com.ar\/sitio\/wp-json\/wp\/v2\/media?parent=32707"}],"wp:term":[{"taxonomy":"category","embeddable":true,"href":"https:\/\/eldiariodesanpedro.com.ar\/sitio\/wp-json\/wp\/v2\/categories?post=32707"},{"taxonomy":"post_tag","embeddable":true,"href":"https:\/\/eldiariodesanpedro.com.ar\/sitio\/wp-json\/wp\/v2\/tags?post=32707"}],"curies":[{"name":"wp","href":"https:\/\/api.w.org\/{rel}","templated":true}]}}