{"id":32700,"date":"2018-05-06T20:04:57","date_gmt":"2018-05-06T23:04:57","guid":{"rendered":"https:\/\/eldiariodesanpedro.com.ar\/sitio\/?p=32700"},"modified":"2018-05-06T20:04:57","modified_gmt":"2018-05-06T23:04:57","slug":"san-nicolas-pelearon-por-un-lavarropas-y-le-pego-un-tiro-a-su-vecino","status":"publish","type":"post","link":"https:\/\/eldiariodesanpedro.com.ar\/sitio\/san-nicolas-pelearon-por-un-lavarropas-y-le-pego-un-tiro-a-su-vecino\/","title":{"rendered":"SAN NICOL\u00c1S: Pelearon por un lavarropas y le peg\u00f3 un tiro a su vecino"},"content":{"rendered":"<p><!-- VideographyWP Plugin Message: Automatic video embedding prevented by plugin options. --><br \/>\nEl hecho ocurri\u00f3 en horas de la tarde del s\u00e1bado en barrio 9 de Julio. Toda la zona se vio alertada por el gran movimiento de patrullas y ambulancias que se dirig\u00edan hacia calle Pombo y Congreso.<\/p>\n<p>  De acuerdo con la informaci\u00f3n policial que pudo acceder EL INFORMANTE, dos hombres discutieron por un lavarropas y uno de ellos, de apellido S\u00e1nchez, extrajo un arma y le dispar\u00f3 al otro de su misma edad.<\/p>\n<p>  La v\u00edctima recibi\u00f3 el disparo en la pierna izquierda. La lesi\u00f3n fue considerada de car\u00e1cter grave.<\/p>\n<p>  La polic\u00eda secuestr\u00f3 en el domicilio lindante al de la v\u00edctima un rev\u00f3lver calibre 22 con cinco proyectiles intactos. Intervino la UFI N\u00b0 6 a cargo del Dr. Dar\u00edo Giagnorio.<\/p>\n<p>Fuente: Diario el Informante<\/p>\n","protected":false},"excerpt":{"rendered":"<p>El hecho ocurri\u00f3 en horas de la tarde del s\u00e1bado en barrio 9 de Julio. Toda la zona se vio alertada por el gran movimiento de patrullas y ambulancias que se dirig\u00edan hacia calle Pombo y Congreso. De acuerdo con la informaci\u00f3n policial que pudo acceder EL INFORMANTE, dos hombres discutieron por un lavarropas y [&hellip;]<\/p>\n","protected":false},"author":4,"featured_media":32703,"comment_status":"open","ping_status":"closed","sticky":false,"template":"","format":"standard","meta":{"om_disable_all_campaigns":false,"_jetpack_memberships_contains_paid_content":false,"footnotes":""},"categories":[621],"tags":[],"class_list":["post-32700","post","type-post","status-publish","format-standard","has-post-thumbnail","hentry","category-regionales"],"aioseo_notices":[],"gutentor_comment":0,"jetpack_featured_media_url":"https:\/\/eldiariodesanpedro.com.ar\/sitio\/wp-content\/uploads\/2018\/05\/Pelearon-por-un-lavarropas-y-le-peg\u00f3-un-tiro-a-su-vecino.jpg","jetpack_shortlink":"https:\/\/wp.me\/p6RhLt-8vq","jetpack_sharing_enabled":true,"_links":{"self":[{"href":"https:\/\/eldiariodesanpedro.com.ar\/sitio\/wp-json\/wp\/v2\/posts\/32700","targetHints":{"allow":["GET"]}}],"collection":[{"href":"https:\/\/eldiariodesanpedro.com.ar\/sitio\/wp-json\/wp\/v2\/posts"}],"about":[{"href":"https:\/\/eldiariodesanpedro.com.ar\/sitio\/wp-json\/wp\/v2\/types\/post"}],"author":[{"embeddable":true,"href":"https:\/\/eldiariodesanpedro.com.ar\/sitio\/wp-json\/wp\/v2\/users\/4"}],"replies":[{"embeddable":true,"href":"https:\/\/eldiariodesanpedro.com.ar\/sitio\/wp-json\/wp\/v2\/comments?post=32700"}],"version-history":[{"count":1,"href":"https:\/\/eldiariodesanpedro.com.ar\/sitio\/wp-json\/wp\/v2\/posts\/32700\/revisions"}],"predecessor-version":[{"id":32705,"href":"https:\/\/eldiariodesanpedro.com.ar\/sitio\/wp-json\/wp\/v2\/posts\/32700\/revisions\/32705"}],"wp:featuredmedia":[{"embeddable":true,"href":"https:\/\/eldiariodesanpedro.com.ar\/sitio\/wp-json\/wp\/v2\/media\/32703"}],"wp:attachment":[{"href":"https:\/\/eldiariodesanpedro.com.ar\/sitio\/wp-json\/wp\/v2\/media?parent=32700"}],"wp:term":[{"taxonomy":"category","embeddable":true,"href":"https:\/\/eldiariodesanpedro.com.ar\/sitio\/wp-json\/wp\/v2\/categories?post=32700"},{"taxonomy":"post_tag","embeddable":true,"href":"https:\/\/eldiariodesanpedro.com.ar\/sitio\/wp-json\/wp\/v2\/tags?post=32700"}],"curies":[{"name":"wp","href":"https:\/\/api.w.org\/{rel}","templated":true}]}}