{"id":32697,"date":"2018-05-06T20:03:27","date_gmt":"2018-05-06T23:03:27","guid":{"rendered":"https:\/\/eldiariodesanpedro.com.ar\/sitio\/?p=32697"},"modified":"2018-05-06T20:03:27","modified_gmt":"2018-05-06T23:03:27","slug":"colon-marcharon-contra-el-tarifazo-y-el-modelo-economico","status":"publish","type":"post","link":"https:\/\/eldiariodesanpedro.com.ar\/sitio\/colon-marcharon-contra-el-tarifazo-y-el-modelo-economico\/","title":{"rendered":"COL\u00d3N: Marcharon contra el tarifazo y el modelo econ\u00f3mico"},"content":{"rendered":"<p><!-- VideographyWP Plugin Message: Automatic video embedding prevented by plugin options. --><br \/>\nUna nueva marcha tuvo lugar en contra de los tarifazos. La Convocatoria fue realizada desde el bloque de ediles del Frente Para la Victoria, Patria Grande y Amic.<\/p>\n<p>  La concentraci\u00f3n comenz\u00f3 a las 19.30 hs. en calle 47 y 20, y los concurrentes marcharon hasta el patio del artista donde hubo varios oradores.  En el comunicado se se\u00f1alaba que la convocatoria era decirle basta a los tarifazos y al modelo econ\u00f3mico que asfixia.<\/p>\n<p>  En otra parte del comunicado se argumentaba \u201ca los perjudicados por el modelo de Cambiemos: trabajadores, docentes, jubilados y pensionados, afiliados a Pami, beneficiarios de cr\u00e9ditos UVA, clubes e instituciones, peque\u00f1os y medianos empresarios, comerciantes, militantes por Derechos Humanos, discapacitados, peque\u00f1os productores agropecuarios, trabajadores bancarios, sindicalistas, farmac\u00e9uticos, ex combatientes, entre otros\u201d.<\/p>\n<p>Fuente: El Faro<\/p>\n","protected":false},"excerpt":{"rendered":"<p>Una nueva marcha tuvo lugar en contra de los tarifazos. La Convocatoria fue realizada desde el bloque de ediles del Frente Para la Victoria, Patria Grande y Amic. La concentraci\u00f3n comenz\u00f3 a las 19.30 hs. en calle 47 y 20, y los concurrentes marcharon hasta el patio del artista donde hubo varios oradores. En el [&hellip;]<\/p>\n","protected":false},"author":4,"featured_media":32699,"comment_status":"open","ping_status":"closed","sticky":false,"template":"","format":"standard","meta":{"om_disable_all_campaigns":false,"_jetpack_memberships_contains_paid_content":false,"footnotes":""},"categories":[621],"tags":[],"class_list":["post-32697","post","type-post","status-publish","format-standard","has-post-thumbnail","hentry","category-regionales"],"aioseo_notices":[],"gutentor_comment":0,"jetpack_featured_media_url":"https:\/\/eldiariodesanpedro.com.ar\/sitio\/wp-content\/uploads\/2018\/05\/marcha-contra-tarifazo.jpg","jetpack_shortlink":"https:\/\/wp.me\/p6RhLt-8vn","jetpack_sharing_enabled":true,"_links":{"self":[{"href":"https:\/\/eldiariodesanpedro.com.ar\/sitio\/wp-json\/wp\/v2\/posts\/32697","targetHints":{"allow":["GET"]}}],"collection":[{"href":"https:\/\/eldiariodesanpedro.com.ar\/sitio\/wp-json\/wp\/v2\/posts"}],"about":[{"href":"https:\/\/eldiariodesanpedro.com.ar\/sitio\/wp-json\/wp\/v2\/types\/post"}],"author":[{"embeddable":true,"href":"https:\/\/eldiariodesanpedro.com.ar\/sitio\/wp-json\/wp\/v2\/users\/4"}],"replies":[{"embeddable":true,"href":"https:\/\/eldiariodesanpedro.com.ar\/sitio\/wp-json\/wp\/v2\/comments?post=32697"}],"version-history":[{"count":1,"href":"https:\/\/eldiariodesanpedro.com.ar\/sitio\/wp-json\/wp\/v2\/posts\/32697\/revisions"}],"predecessor-version":[{"id":32702,"href":"https:\/\/eldiariodesanpedro.com.ar\/sitio\/wp-json\/wp\/v2\/posts\/32697\/revisions\/32702"}],"wp:featuredmedia":[{"embeddable":true,"href":"https:\/\/eldiariodesanpedro.com.ar\/sitio\/wp-json\/wp\/v2\/media\/32699"}],"wp:attachment":[{"href":"https:\/\/eldiariodesanpedro.com.ar\/sitio\/wp-json\/wp\/v2\/media?parent=32697"}],"wp:term":[{"taxonomy":"category","embeddable":true,"href":"https:\/\/eldiariodesanpedro.com.ar\/sitio\/wp-json\/wp\/v2\/categories?post=32697"},{"taxonomy":"post_tag","embeddable":true,"href":"https:\/\/eldiariodesanpedro.com.ar\/sitio\/wp-json\/wp\/v2\/tags?post=32697"}],"curies":[{"name":"wp","href":"https:\/\/api.w.org\/{rel}","templated":true}]}}