{"id":32696,"date":"2018-05-06T20:03:24","date_gmt":"2018-05-06T23:03:24","guid":{"rendered":"https:\/\/eldiariodesanpedro.com.ar\/sitio\/?p=32696"},"modified":"2018-05-06T20:03:24","modified_gmt":"2018-05-06T23:03:24","slug":"ramallo-preocupacion-de-comerciantes-por-los-tarifazos","status":"publish","type":"post","link":"https:\/\/eldiariodesanpedro.com.ar\/sitio\/ramallo-preocupacion-de-comerciantes-por-los-tarifazos\/","title":{"rendered":"RAMALLO: Preocupaci\u00f3n de comerciantes por los tarifazos"},"content":{"rendered":"<p><!-- VideographyWP Plugin Message: Automatic video embedding prevented by plugin options. --><br \/>\nEsta semana comenzaron a llegar las nuevas facturas de luz con grandes aumentos. Desde el Centro de Comercio, Industria y Turismo de Ramallo mostraron su preocupaci\u00f3n ante la imposibilidad de afrontar los aumentos y la posibilidad de cierre de locales.<\/p>\n<p>  German Iribarria, presidente de la instituci\u00f3n, manifest\u00f3 que \u201chay muchos comerciantes est\u00e1n preocupados por la continuidad de si local y hay otros que ya han cerrado directamente a causa de los aumentos de energ\u00eda\u201d.<\/p>\n<p>  Adem\u00e1s, agreg\u00f3 que \u201chay una situaci\u00f3n m\u00e1s compleja, donde algunos comerciantes han sacado cr\u00e9ditos o, han gastados sus ahorros para pagar los servicios. Este es el paso previo a fundirse. Es una situaci\u00f3n preocupante. <\/p>\n<p>Sumado a que el tiempo no ayuda, tampoco el auge de la venta online, la suba de las cargas sociales y los costos complica a\u00fan m\u00e1s el panorama\u201d.<\/p>\n<p>Fuente: Ramallo Informa<\/p>\n","protected":false},"excerpt":{"rendered":"<p>Esta semana comenzaron a llegar las nuevas facturas de luz con grandes aumentos. Desde el Centro de Comercio, Industria y Turismo de Ramallo mostraron su preocupaci\u00f3n ante la imposibilidad de afrontar los aumentos y la posibilidad de cierre de locales. German Iribarria, presidente de la instituci\u00f3n, manifest\u00f3 que \u201chay muchos comerciantes est\u00e1n preocupados por la [&hellip;]<\/p>\n","protected":false},"author":4,"featured_media":32698,"comment_status":"open","ping_status":"closed","sticky":false,"template":"","format":"standard","meta":{"om_disable_all_campaigns":false,"_jetpack_memberships_contains_paid_content":false,"footnotes":""},"categories":[621],"tags":[],"class_list":["post-32696","post","type-post","status-publish","format-standard","has-post-thumbnail","hentry","category-regionales"],"aioseo_notices":[],"gutentor_comment":0,"jetpack_featured_media_url":"https:\/\/eldiariodesanpedro.com.ar\/sitio\/wp-content\/uploads\/2018\/05\/cierre-comercio.jpg","jetpack_shortlink":"https:\/\/wp.me\/p6RhLt-8vm","jetpack_sharing_enabled":true,"_links":{"self":[{"href":"https:\/\/eldiariodesanpedro.com.ar\/sitio\/wp-json\/wp\/v2\/posts\/32696","targetHints":{"allow":["GET"]}}],"collection":[{"href":"https:\/\/eldiariodesanpedro.com.ar\/sitio\/wp-json\/wp\/v2\/posts"}],"about":[{"href":"https:\/\/eldiariodesanpedro.com.ar\/sitio\/wp-json\/wp\/v2\/types\/post"}],"author":[{"embeddable":true,"href":"https:\/\/eldiariodesanpedro.com.ar\/sitio\/wp-json\/wp\/v2\/users\/4"}],"replies":[{"embeddable":true,"href":"https:\/\/eldiariodesanpedro.com.ar\/sitio\/wp-json\/wp\/v2\/comments?post=32696"}],"version-history":[{"count":1,"href":"https:\/\/eldiariodesanpedro.com.ar\/sitio\/wp-json\/wp\/v2\/posts\/32696\/revisions"}],"predecessor-version":[{"id":32701,"href":"https:\/\/eldiariodesanpedro.com.ar\/sitio\/wp-json\/wp\/v2\/posts\/32696\/revisions\/32701"}],"wp:featuredmedia":[{"embeddable":true,"href":"https:\/\/eldiariodesanpedro.com.ar\/sitio\/wp-json\/wp\/v2\/media\/32698"}],"wp:attachment":[{"href":"https:\/\/eldiariodesanpedro.com.ar\/sitio\/wp-json\/wp\/v2\/media?parent=32696"}],"wp:term":[{"taxonomy":"category","embeddable":true,"href":"https:\/\/eldiariodesanpedro.com.ar\/sitio\/wp-json\/wp\/v2\/categories?post=32696"},{"taxonomy":"post_tag","embeddable":true,"href":"https:\/\/eldiariodesanpedro.com.ar\/sitio\/wp-json\/wp\/v2\/tags?post=32696"}],"curies":[{"name":"wp","href":"https:\/\/api.w.org\/{rel}","templated":true}]}}