{"id":32690,"date":"2018-05-06T19:56:59","date_gmt":"2018-05-06T22:56:59","guid":{"rendered":"https:\/\/eldiariodesanpedro.com.ar\/sitio\/?p=32690"},"modified":"2018-05-06T19:58:42","modified_gmt":"2018-05-06T22:58:42","slug":"el-jefe-de-la-bonaerense-dijo-que-hay-mas-inseguridad-porque-la-gente-no-tiene-para-comer","status":"publish","type":"post","link":"https:\/\/eldiariodesanpedro.com.ar\/sitio\/el-jefe-de-la-bonaerense-dijo-que-hay-mas-inseguridad-porque-la-gente-no-tiene-para-comer\/","title":{"rendered":"El jefe de la Bonaerense dijo que hay m\u00e1s inseguridad porque la gente no tiene para comer"},"content":{"rendered":"<p><!-- VideographyWP Plugin Message: Automatic video embedding prevented by plugin options. --><br \/>\nEl comisario Fabi\u00e1n Perroni hizo una explosiva declaraci\u00f3n sobre la situaci\u00f3n social.<\/p>\n<p>  El jefe de la Polic\u00eda bonaerense, Fabi\u00e1n Perroni, hizo una explosiva declaraci\u00f3n sobre la inseguridad y la situaci\u00f3n social en la Provincia, al admitir que hay m\u00e1s robos porque la gente no tiene para comer.<\/p>\n<p>  Los dichos del comisario general seguramente tendr\u00e1n impacto pol\u00edtico ya que es la primera vez que un funcionario importante del oficialismo habla tan abiertamente del deterioro de la situaci\u00f3n social.<\/p>\n<p>  \u201cHay un problema social que es obvio, que hace que la persona que tenga la necesidad de comer -por definirlo de alguna manera-, el delito m\u00e1s simple aumenta y es sobre el cual m\u00e1s estamos trabajando, con las zonas rojas\u201d, declar\u00f3 Perroni en radio La Red.<\/p>\n<p>  \u201cHay gente que delinque que es la primera vez que est\u00e1 pasando, que antes no lo hac\u00eda, pero por una necesidad m\u00e1s que de delinquir, la de un apremio econ\u00f3mico, que es lo que est\u00e1 pasando\u201d, continu\u00f3 el comisario.<\/p>\n<p>  Ante la sensibilidad de los dichos de Perroni, el periodista Luis Novaresio le pregunt\u00f3 si \u201cla pobreza y la exclusi\u00f3n m\u00e1s extrema llevan a que muchas personas salgan a robar para comer\u201d. El comisario ratific\u00f3 lo que hab\u00eda dicho: \u201cS\u00ed, por supuesto y se est\u00e1 trabajando sobre esta situaci\u00f3n\u201d.<\/p>\n<p>  Luego, el jefe de la Bonaerense explic\u00f3 que esta situaci\u00f3n se desprende de que \u201cel delito que menos est\u00e1 bajando es ese: el robo, el hurto, el asalto\u201d, que no tienen que ver con grandes bandas. \u201cEl tema de la falta de inclusi\u00f3n hace que los lleve a esta situaci\u00f3n, gente que obviamente no ha entrado nunca en el sistema del delito\u201d, insisti\u00f3.<br \/>\n  Perroni tambi\u00e9n habl\u00f3 de \u201cla violencia permanente y que es producto de la droga\u201d y asegur\u00f3 que la Polic\u00eda bonaerense ha \u201clogrado bajar los delitos m\u00e1s graves, los delitos complejos\u201d, aunque luego se explay\u00f3 sobre los delitos menores, que relacion\u00f3 a la situaci\u00f3n social.<\/p>\n<p>Fuente: La Pol\u00edtica Online<\/p>\n","protected":false},"excerpt":{"rendered":"<p>El comisario Fabi\u00e1n Perroni hizo una explosiva declaraci\u00f3n sobre la situaci\u00f3n social. El jefe de la Polic\u00eda bonaerense, Fabi\u00e1n Perroni, hizo una explosiva declaraci\u00f3n sobre la inseguridad y la situaci\u00f3n social en la Provincia, al admitir que hay m\u00e1s robos porque la gente no tiene para comer. Los dichos del comisario general seguramente tendr\u00e1n impacto [&hellip;]<\/p>\n","protected":false},"author":4,"featured_media":32694,"comment_status":"open","ping_status":"closed","sticky":false,"template":"","format":"standard","meta":{"om_disable_all_campaigns":false,"_jetpack_memberships_contains_paid_content":false,"footnotes":""},"categories":[2,103],"tags":[],"class_list":["post-32690","post","type-post","status-publish","format-standard","has-post-thumbnail","hentry","category-locales","category-policiales-locales"],"aioseo_notices":[],"gutentor_comment":0,"jetpack_featured_media_url":"https:\/\/eldiariodesanpedro.com.ar\/sitio\/wp-content\/uploads\/2018\/05\/comisario-Fabi\u00e1n-Perroni.jpg","jetpack_shortlink":"https:\/\/wp.me\/p6RhLt-8vg","jetpack_sharing_enabled":true,"_links":{"self":[{"href":"https:\/\/eldiariodesanpedro.com.ar\/sitio\/wp-json\/wp\/v2\/posts\/32690","targetHints":{"allow":["GET"]}}],"collection":[{"href":"https:\/\/eldiariodesanpedro.com.ar\/sitio\/wp-json\/wp\/v2\/posts"}],"about":[{"href":"https:\/\/eldiariodesanpedro.com.ar\/sitio\/wp-json\/wp\/v2\/types\/post"}],"author":[{"embeddable":true,"href":"https:\/\/eldiariodesanpedro.com.ar\/sitio\/wp-json\/wp\/v2\/users\/4"}],"replies":[{"embeddable":true,"href":"https:\/\/eldiariodesanpedro.com.ar\/sitio\/wp-json\/wp\/v2\/comments?post=32690"}],"version-history":[{"count":1,"href":"https:\/\/eldiariodesanpedro.com.ar\/sitio\/wp-json\/wp\/v2\/posts\/32690\/revisions"}],"predecessor-version":[{"id":32695,"href":"https:\/\/eldiariodesanpedro.com.ar\/sitio\/wp-json\/wp\/v2\/posts\/32690\/revisions\/32695"}],"wp:featuredmedia":[{"embeddable":true,"href":"https:\/\/eldiariodesanpedro.com.ar\/sitio\/wp-json\/wp\/v2\/media\/32694"}],"wp:attachment":[{"href":"https:\/\/eldiariodesanpedro.com.ar\/sitio\/wp-json\/wp\/v2\/media?parent=32690"}],"wp:term":[{"taxonomy":"category","embeddable":true,"href":"https:\/\/eldiariodesanpedro.com.ar\/sitio\/wp-json\/wp\/v2\/categories?post=32690"},{"taxonomy":"post_tag","embeddable":true,"href":"https:\/\/eldiariodesanpedro.com.ar\/sitio\/wp-json\/wp\/v2\/tags?post=32690"}],"curies":[{"name":"wp","href":"https:\/\/api.w.org\/{rel}","templated":true}]}}