{"id":32689,"date":"2018-05-06T19:56:00","date_gmt":"2018-05-06T22:56:00","guid":{"rendered":"https:\/\/eldiariodesanpedro.com.ar\/sitio\/?p=32689"},"modified":"2018-05-06T19:56:00","modified_gmt":"2018-05-06T22:56:00","slug":"caso-nelson-lillo-aun-no-autorizaron-la-detencion-de-bruzzone","status":"publish","type":"post","link":"https:\/\/eldiariodesanpedro.com.ar\/sitio\/caso-nelson-lillo-aun-no-autorizaron-la-detencion-de-bruzzone\/","title":{"rendered":"CASO NELSON LILLO: A\u00fan no autorizaron la detenci\u00f3n de Bruzzone"},"content":{"rendered":"<p><!-- VideographyWP Plugin Message: Automatic video embedding prevented by plugin options. --><br \/>\nPara el Fiscal Marcelo Manso, el joven de 26 a\u00f1os es quien lleg\u00f3 en moto al lugar donde mataron al polic\u00eda y ayud\u00f3 a escapar a Roberto Branto. El Juzgado de Garant\u00edas todav\u00eda no autoriz\u00f3 el pedido de detenci\u00f3n solicitado por el fiscal.<\/p>\n<p>  Se cumple una semana del pedido de detenci\u00f3n de Marcos Bruzzone, pero a\u00fan no hay resoluci\u00f3n al respecto. El titular de la UFI 5, Marcelo Manso requiri\u00f3 la captura del joven de 26 a\u00f1os sosteniendo que el sospechoso tuvo una activa participaci\u00f3n en el hecho donde muri\u00f3 el polic\u00eda Nelson Lillo.<\/p>\n<p>  A pesar de la gravedad del hecho y las pruebas firmes con que cuenta el letrado, la Jueza de Garant\u00edas Mar\u00eda Eugenia Maiztegui no se expidi\u00f3 al respecto, aunque se espera que suceda en el transcurso de la semana.<\/p>\n<p>  Para el Fiscal, Bruzzone, es quien arrib\u00f3 a la escena del crimen a bordo de una moto y en la esquina de Salta y Arnaldo levant\u00f3 a Roberto Branto Ayala, quien ven\u00eda huyendo herido, y lo sac\u00f3 r\u00e1pidamente del lugar. As\u00ed lo expres\u00f3 un testigo clave que se acerc\u00f3 a la fiscal\u00eda y dio detalles de c\u00f3mo se perpetr\u00f3 el rescate del \u00fanico detenido que tiene la causa.   <\/p>\n<p>  El sospechoso es oriundo de R\u00edo Tala, pero estaba viviendo en el mismo predio donde est\u00e1 la casa de Pablo Morel en Baradero, el otro delincuente asesinado en el mismo incidente.<\/p>\n<p>Fuente: San Pedro Informa<\/p>\n","protected":false},"excerpt":{"rendered":"<p>Para el Fiscal Marcelo Manso, el joven de 26 a\u00f1os es quien lleg\u00f3 en moto al lugar donde mataron al polic\u00eda y ayud\u00f3 a escapar a Roberto Branto. El Juzgado de Garant\u00edas todav\u00eda no autoriz\u00f3 el pedido de detenci\u00f3n solicitado por el fiscal. Se cumple una semana del pedido de detenci\u00f3n de Marcos Bruzzone, pero [&hellip;]<\/p>\n","protected":false},"author":4,"featured_media":28750,"comment_status":"open","ping_status":"closed","sticky":false,"template":"","format":"standard","meta":{"om_disable_all_campaigns":false,"_jetpack_memberships_contains_paid_content":false,"footnotes":""},"categories":[2,103],"tags":[],"class_list":["post-32689","post","type-post","status-publish","format-standard","has-post-thumbnail","hentry","category-locales","category-policiales-locales"],"aioseo_notices":[],"gutentor_comment":0,"jetpack_featured_media_url":"https:\/\/eldiariodesanpedro.com.ar\/sitio\/wp-content\/uploads\/2018\/02\/Nelson-Lillo-Marcha-por-Justicia-1.jpeg","jetpack_shortlink":"https:\/\/wp.me\/p6RhLt-8vf","jetpack_sharing_enabled":true,"_links":{"self":[{"href":"https:\/\/eldiariodesanpedro.com.ar\/sitio\/wp-json\/wp\/v2\/posts\/32689","targetHints":{"allow":["GET"]}}],"collection":[{"href":"https:\/\/eldiariodesanpedro.com.ar\/sitio\/wp-json\/wp\/v2\/posts"}],"about":[{"href":"https:\/\/eldiariodesanpedro.com.ar\/sitio\/wp-json\/wp\/v2\/types\/post"}],"author":[{"embeddable":true,"href":"https:\/\/eldiariodesanpedro.com.ar\/sitio\/wp-json\/wp\/v2\/users\/4"}],"replies":[{"embeddable":true,"href":"https:\/\/eldiariodesanpedro.com.ar\/sitio\/wp-json\/wp\/v2\/comments?post=32689"}],"version-history":[{"count":1,"href":"https:\/\/eldiariodesanpedro.com.ar\/sitio\/wp-json\/wp\/v2\/posts\/32689\/revisions"}],"predecessor-version":[{"id":32693,"href":"https:\/\/eldiariodesanpedro.com.ar\/sitio\/wp-json\/wp\/v2\/posts\/32689\/revisions\/32693"}],"wp:featuredmedia":[{"embeddable":true,"href":"https:\/\/eldiariodesanpedro.com.ar\/sitio\/wp-json\/wp\/v2\/media\/28750"}],"wp:attachment":[{"href":"https:\/\/eldiariodesanpedro.com.ar\/sitio\/wp-json\/wp\/v2\/media?parent=32689"}],"wp:term":[{"taxonomy":"category","embeddable":true,"href":"https:\/\/eldiariodesanpedro.com.ar\/sitio\/wp-json\/wp\/v2\/categories?post=32689"},{"taxonomy":"post_tag","embeddable":true,"href":"https:\/\/eldiariodesanpedro.com.ar\/sitio\/wp-json\/wp\/v2\/tags?post=32689"}],"curies":[{"name":"wp","href":"https:\/\/api.w.org\/{rel}","templated":true}]}}