{"id":32688,"date":"2018-05-06T19:54:50","date_gmt":"2018-05-06T22:54:50","guid":{"rendered":"https:\/\/eldiariodesanpedro.com.ar\/sitio\/?p=32688"},"modified":"2018-05-06T19:54:50","modified_gmt":"2018-05-06T22:54:50","slug":"imperdible-charla-de-hernan-montenegro","status":"publish","type":"post","link":"https:\/\/eldiariodesanpedro.com.ar\/sitio\/imperdible-charla-de-hernan-montenegro\/","title":{"rendered":"Imperdible charla de Hern\u00e1n Montenegro"},"content":{"rendered":"<p><!-- VideographyWP Plugin Message: Automatic video embedding prevented by plugin options. --><br \/>\nFue organizada por la subcomisi\u00f3n de b\u00e1squet del Club N\u00e1utico San Pedro y el bahiense considerado una leyenda del b\u00e1squet nacional relat\u00f3 su experiencia y ofreci\u00f3 una mirada muy particular sobre el deporte.<\/p>\n<p>  El ex basquetbolista Hern\u00e1n Montenegro encabez\u00f3 en el Club N\u00e1utico una charla abierta para el p\u00fablico en general denominada \u201cEl deporte como factor humano\u201d. Siempre es interesante escuchar a una personalidad de la trayectoria y la experiencia de uno de los personajes m\u00edticos que dio el deporte argentino.<\/p>\n<p>  Ante una buena concurrencia tambi\u00e9n habl\u00f3 sobre la formaci\u00f3n de grupos humanos y el mensaje que se puede traducir desde el deporte. All\u00ed se refiri\u00f3 a las experiencias de vida, los educadores, la sociedad, la ni\u00f1ez, la familia, los amigos y las presiones.<\/p>\n<p>Montenegro transmiti\u00f3 su experiencia en el b\u00e1squet como jugador, agente deportivo y especialista en gesti\u00f3n deportiva, aparte dio su mirada sobre lo que sucede hoy en el deporte.<\/p>\n<p>  \u201cEl Loco\u201d, como siempre se lo apod\u00f3, fue un destacado deportista nacional y se convirti\u00f3 en el primer jugador de nuestro pa\u00eds en llegar a NBA, considerado uno de los cinco mejores jugadores de la historia de ese deporte en la Argentina.<\/p>\n<p>Fuente: San Pedro Informa<\/p>\n","protected":false},"excerpt":{"rendered":"<p>Fue organizada por la subcomisi\u00f3n de b\u00e1squet del Club N\u00e1utico San Pedro y el bahiense considerado una leyenda del b\u00e1squet nacional relat\u00f3 su experiencia y ofreci\u00f3 una mirada muy particular sobre el deporte. El ex basquetbolista Hern\u00e1n Montenegro encabez\u00f3 en el Club N\u00e1utico una charla abierta para el p\u00fablico en general denominada \u201cEl deporte como [&hellip;]<\/p>\n","protected":false},"author":4,"featured_media":32691,"comment_status":"open","ping_status":"closed","sticky":false,"template":"","format":"standard","meta":{"om_disable_all_campaigns":false,"_jetpack_memberships_contains_paid_content":false,"footnotes":""},"categories":[101,2],"tags":[],"class_list":["post-32688","post","type-post","status-publish","format-standard","has-post-thumbnail","hentry","category-interes-general-locales","category-locales"],"aioseo_notices":[],"gutentor_comment":0,"jetpack_featured_media_url":"https:\/\/eldiariodesanpedro.com.ar\/sitio\/wp-content\/uploads\/2018\/05\/Hern\u00e1n-Montenegro.jpg","jetpack_shortlink":"https:\/\/wp.me\/p6RhLt-8ve","jetpack_sharing_enabled":true,"_links":{"self":[{"href":"https:\/\/eldiariodesanpedro.com.ar\/sitio\/wp-json\/wp\/v2\/posts\/32688","targetHints":{"allow":["GET"]}}],"collection":[{"href":"https:\/\/eldiariodesanpedro.com.ar\/sitio\/wp-json\/wp\/v2\/posts"}],"about":[{"href":"https:\/\/eldiariodesanpedro.com.ar\/sitio\/wp-json\/wp\/v2\/types\/post"}],"author":[{"embeddable":true,"href":"https:\/\/eldiariodesanpedro.com.ar\/sitio\/wp-json\/wp\/v2\/users\/4"}],"replies":[{"embeddable":true,"href":"https:\/\/eldiariodesanpedro.com.ar\/sitio\/wp-json\/wp\/v2\/comments?post=32688"}],"version-history":[{"count":1,"href":"https:\/\/eldiariodesanpedro.com.ar\/sitio\/wp-json\/wp\/v2\/posts\/32688\/revisions"}],"predecessor-version":[{"id":32692,"href":"https:\/\/eldiariodesanpedro.com.ar\/sitio\/wp-json\/wp\/v2\/posts\/32688\/revisions\/32692"}],"wp:featuredmedia":[{"embeddable":true,"href":"https:\/\/eldiariodesanpedro.com.ar\/sitio\/wp-json\/wp\/v2\/media\/32691"}],"wp:attachment":[{"href":"https:\/\/eldiariodesanpedro.com.ar\/sitio\/wp-json\/wp\/v2\/media?parent=32688"}],"wp:term":[{"taxonomy":"category","embeddable":true,"href":"https:\/\/eldiariodesanpedro.com.ar\/sitio\/wp-json\/wp\/v2\/categories?post=32688"},{"taxonomy":"post_tag","embeddable":true,"href":"https:\/\/eldiariodesanpedro.com.ar\/sitio\/wp-json\/wp\/v2\/tags?post=32688"}],"curies":[{"name":"wp","href":"https:\/\/api.w.org\/{rel}","templated":true}]}}