{"id":32673,"date":"2018-05-04T20:06:17","date_gmt":"2018-05-04T23:06:17","guid":{"rendered":"https:\/\/eldiariodesanpedro.com.ar\/sitio\/?p=32673"},"modified":"2026-01-24T00:13:43","modified_gmt":"2026-01-24T03:13:43","slug":"natacion-clinica-con-federico-grabich","status":"publish","type":"post","link":"https:\/\/eldiariodesanpedro.com.ar\/sitio\/natacion-clinica-con-federico-grabich\/","title":{"rendered":"NATACI\u00d3N: Cl\u00ednica con Federico Grabich"},"content":{"rendered":"<p><!-- VideographyWP Plugin Message: Automatic video embedding prevented by plugin options. --><br \/>\n  La Subcomisi\u00f3n de Nataci\u00f3n del Club N\u00e1utico con el acompa\u00f1amiento de la Direcci\u00f3n de Deportes y la Comisi\u00f3n Directiva organiza para el pr\u00f3ximo viernes 18 de mayo a las 19.30 hs. en la pileta climatizada, una cl\u00ednica a cargo del nadador ol\u00edmpico santafecino Federico Grabich.<\/p>\n<p>  Con una impresionante trayectoria en competencias nacionales e internacionales en estilo libre, obtuvo la medalla de bronce en los Juegos Panamericanos de 2011 en la categor\u00eda 4&#215;100 metros combinados, compiti\u00f3 en los Juegos Ol\u00edmpicos de Londres 2012 y R\u00edo 2016, en los Juegos Panamericanos de 2015 obtuvo la medalla de oro en 100 metros estilo libre y en el 2015 obtuvo un hist\u00f3rico tercer puesto en los 100 metros libre durante el Campeonato Mundial de Nataci\u00f3n en Kaz\u00e1n, Rusia, convirti\u00e9ndose en el primer nadador argentino en lograr un podio en un mundial de piscina ol\u00edmpica.<\/p>\n<p>  Si bien la actividad estar\u00e1 concentrada en quienes tienen alg\u00fan tipo de v\u00ednculo competitivo o recreativo con la nataci\u00f3n, la actividad ser\u00e1 abierta y gratuita para todos los socios y en breve se informar\u00e1 el modo de pre-inscripci\u00f3n hasta completar el cupo disponible por el espacio.<\/p>\n","protected":false},"excerpt":{"rendered":"<p>La Subcomisi\u00f3n de Nataci\u00f3n del Club N\u00e1utico con el acompa\u00f1amiento de la Direcci\u00f3n de Deportes y la Comisi\u00f3n Directiva organiza para el pr\u00f3ximo viernes 18 de mayo a las 19.30 hs. en la pileta climatizada, una cl\u00ednica a cargo del nadador ol\u00edmpico santafecino Federico Grabich. Con una impresionante trayectoria en competencias nacionales e internacionales en [&hellip;]<\/p>\n","protected":false},"author":4,"featured_media":32674,"comment_status":"open","ping_status":"closed","sticky":false,"template":"","format":"standard","meta":{"om_disable_all_campaigns":false,"_jetpack_memberships_contains_paid_content":false,"footnotes":""},"categories":[5],"tags":[],"class_list":["post-32673","post","type-post","status-publish","format-standard","has-post-thumbnail","hentry","category-deportes"],"aioseo_notices":[],"gutentor_comment":0,"jetpack_featured_media_url":"https:\/\/eldiariodesanpedro.com.ar\/sitio\/wp-content\/uploads\/2018\/05\/Federico-Grabich-figura-argentina-en-nataci\u00f3n-Cr\u00e9dito-Clar\u00edn.jpg","jetpack_shortlink":"https:\/\/wp.me\/p6RhLt-8uZ","jetpack_sharing_enabled":true,"_links":{"self":[{"href":"https:\/\/eldiariodesanpedro.com.ar\/sitio\/wp-json\/wp\/v2\/posts\/32673","targetHints":{"allow":["GET"]}}],"collection":[{"href":"https:\/\/eldiariodesanpedro.com.ar\/sitio\/wp-json\/wp\/v2\/posts"}],"about":[{"href":"https:\/\/eldiariodesanpedro.com.ar\/sitio\/wp-json\/wp\/v2\/types\/post"}],"author":[{"embeddable":true,"href":"https:\/\/eldiariodesanpedro.com.ar\/sitio\/wp-json\/wp\/v2\/users\/4"}],"replies":[{"embeddable":true,"href":"https:\/\/eldiariodesanpedro.com.ar\/sitio\/wp-json\/wp\/v2\/comments?post=32673"}],"version-history":[{"count":1,"href":"https:\/\/eldiariodesanpedro.com.ar\/sitio\/wp-json\/wp\/v2\/posts\/32673\/revisions"}],"predecessor-version":[{"id":32676,"href":"https:\/\/eldiariodesanpedro.com.ar\/sitio\/wp-json\/wp\/v2\/posts\/32673\/revisions\/32676"}],"wp:featuredmedia":[{"embeddable":true,"href":"https:\/\/eldiariodesanpedro.com.ar\/sitio\/wp-json\/wp\/v2\/media\/32674"}],"wp:attachment":[{"href":"https:\/\/eldiariodesanpedro.com.ar\/sitio\/wp-json\/wp\/v2\/media?parent=32673"}],"wp:term":[{"taxonomy":"category","embeddable":true,"href":"https:\/\/eldiariodesanpedro.com.ar\/sitio\/wp-json\/wp\/v2\/categories?post=32673"},{"taxonomy":"post_tag","embeddable":true,"href":"https:\/\/eldiariodesanpedro.com.ar\/sitio\/wp-json\/wp\/v2\/tags?post=32673"}],"curies":[{"name":"wp","href":"https:\/\/api.w.org\/{rel}","templated":true}]}}