{"id":32666,"date":"2018-05-04T20:07:10","date_gmt":"2018-05-04T23:07:10","guid":{"rendered":"https:\/\/eldiariodesanpedro.com.ar\/sitio\/?p=32666"},"modified":"2018-05-04T20:07:10","modified_gmt":"2018-05-04T23:07:10","slug":"emerson-continua-recuperandose-en-el-garrahan","status":"publish","type":"post","link":"https:\/\/eldiariodesanpedro.com.ar\/sitio\/emerson-continua-recuperandose-en-el-garrahan\/","title":{"rendered":"Emerson continua recuper\u00e1ndose en el Garrahan"},"content":{"rendered":"<p><!-- VideographyWP Plugin Message: Automatic video embedding prevented by plugin options. --><br \/>\nEl Diario de San Pedro volvi\u00f3 a comunicarse con Diego G\u00f3mez, el pap\u00e1 Emerson, quien nuevamente nos inform\u00f3 sobre los avances en la salud de su hijo.<br \/>\n  Recordemos que Emerson Agust\u00edn G\u00f3mez result\u00f3 herido de gravedad luego de recibir dos disparos de arma de fuego. El agresor, Alberto Lafuente, primero termin\u00f3 con la vida de su madre y luego, dispar\u00f3 contra \u00e9l. Logr\u00f3 escaparse y, finalmente se quit\u00f3 la vida.<\/p>\n<p>  Emerson fue trasladado de urgencia al Hospital de nuestra ciudad minutos despu\u00e9s de haber sido herido, en una ardua lucha los m\u00e9dicos locales lograron estabilizarlo y decidieron su traslado al Hospital San Jos\u00e9 de Pergamino, all\u00ed fue intervenido quir\u00fargicamente y a principios de esta semana fue trasladado nuevamente, esta vez al Hospital Garrahan, donde fue nuevamente operado y d\u00f3nde se encuentra hasta el d\u00eda de la fecha internado.<\/p>\n<p>  Diego cont\u00f3 que Emerson se encuentra muy bien, de buen \u00e1nimo y hasta hace bromas. \u201cLe est\u00e1 dando para adelante, ya quiere empezar a caminar despacito, se sienta en la cama, no le quedo casi ninguna secuela en el cuerpito, as\u00ed que se encuentra bien\u201d. Adem\u00e1s, detall\u00f3 que la atenci\u00f3n en el Hospital Garrahan es excelente, como ya todos sabemos a trav\u00e9s de distintos testimonios, \u201cAc\u00e1 es impresionante la atenci\u00f3n, c\u00f3mo lo tratan\u201d dijo muy agradecido.<\/p>\n<p>  Tambi\u00e9n explic\u00f3 que Emerson est\u00e1 siendo evaluado por 5 m\u00e9dicos distintos para realizarle otra operaci\u00f3n el lunes pr\u00f3ximo, la segunda, al parecer la extracci\u00f3n de este proyectil ser\u00eda algo f\u00e1cil. Lo va a revisar un m\u00e9dico especialista en v\u00e9rtebras para evaluar si la bala provoc\u00f3 alg\u00fan da\u00f1o all\u00ed\u201d agreg\u00f3. <\/p>\n<p>  El padre del ni\u00f1o confes\u00f3 que lo m\u00e1s dif\u00edcil de toda esta tragedia, ha sido el tener que contar a Emer sobre su mam\u00e1. Est\u00e1n siendo asistidos por psic\u00f3logos, cuenta. \u201cLe tuve que decir del tema de la madre, fue lo m\u00e1s dif\u00edcil que me pas\u00f3 en estos d\u00edas que estuve con \u00e9l\u201d. <\/p>\n<p>  Seg\u00fan su pap\u00e1, Emerson habr\u00eda recibido bien, dentro de todas las posibilidades, la noticia sobre el fallecimiento de su madre. \u201cPor la madre hab\u00eda preguntado, se lo tuve que decir porque lamentablemente, fue algo dif\u00edcil, pero lo ten\u00eda que saber. Lo tom\u00f3 bien, lagrime\u00f3 un poco, pero supo entender. En la situaci\u00f3n en que esta \u00e9l, hay que comprenderlo. Es un chico muy inteligente\u201d asegur\u00f3 Diego.<\/p>\n<p>  Y con la misma vehemencia con que habl\u00f3 de la voluntad de su hijo y de su inteligencia, sostuvo que su peque\u00f1o permanecer\u00e1 a su lado \u201c\u00a1No me lo sacan nunca m\u00e1s, nunca m\u00e1s por nada del mundo!\u201d <\/p>\n<div class=\"fb-video\" data-allowfullscreen=\"true\" data-href=\"https:\/\/www.facebook.com\/eldiario.desanpedro\/videos\/764004793808662\/\" style=\"background-color: #fff; display: inline-block;\"><\/div>\n","protected":false},"excerpt":{"rendered":"<p>El Diario de San Pedro volvi\u00f3 a comunicarse con Diego G\u00f3mez, el pap\u00e1 Emerson, quien nuevamente nos inform\u00f3 sobre los avances en la salud de su hijo. Recordemos que Emerson Agust\u00edn G\u00f3mez result\u00f3 herido de gravedad luego de recibir dos disparos de arma de fuego. El agresor, Alberto Lafuente, primero termin\u00f3 con la vida de [&hellip;]<\/p>\n","protected":false},"author":4,"featured_media":32670,"comment_status":"open","ping_status":"closed","sticky":false,"template":"","format":"standard","meta":{"om_disable_all_campaigns":false,"_jetpack_memberships_contains_paid_content":false,"footnotes":""},"categories":[50,101,2],"tags":[],"class_list":["post-32666","post","type-post","status-publish","format-standard","has-post-thumbnail","hentry","category-destacadas","category-interes-general-locales","category-locales"],"aioseo_notices":[],"gutentor_comment":0,"jetpack_featured_media_url":"https:\/\/eldiariodesanpedro.com.ar\/sitio\/wp-content\/uploads\/2018\/05\/PAGINA-3.jpeg","jetpack_shortlink":"https:\/\/wp.me\/p6RhLt-8uS","jetpack_sharing_enabled":true,"_links":{"self":[{"href":"https:\/\/eldiariodesanpedro.com.ar\/sitio\/wp-json\/wp\/v2\/posts\/32666","targetHints":{"allow":["GET"]}}],"collection":[{"href":"https:\/\/eldiariodesanpedro.com.ar\/sitio\/wp-json\/wp\/v2\/posts"}],"about":[{"href":"https:\/\/eldiariodesanpedro.com.ar\/sitio\/wp-json\/wp\/v2\/types\/post"}],"author":[{"embeddable":true,"href":"https:\/\/eldiariodesanpedro.com.ar\/sitio\/wp-json\/wp\/v2\/users\/4"}],"replies":[{"embeddable":true,"href":"https:\/\/eldiariodesanpedro.com.ar\/sitio\/wp-json\/wp\/v2\/comments?post=32666"}],"version-history":[{"count":1,"href":"https:\/\/eldiariodesanpedro.com.ar\/sitio\/wp-json\/wp\/v2\/posts\/32666\/revisions"}],"predecessor-version":[{"id":32677,"href":"https:\/\/eldiariodesanpedro.com.ar\/sitio\/wp-json\/wp\/v2\/posts\/32666\/revisions\/32677"}],"wp:featuredmedia":[{"embeddable":true,"href":"https:\/\/eldiariodesanpedro.com.ar\/sitio\/wp-json\/wp\/v2\/media\/32670"}],"wp:attachment":[{"href":"https:\/\/eldiariodesanpedro.com.ar\/sitio\/wp-json\/wp\/v2\/media?parent=32666"}],"wp:term":[{"taxonomy":"category","embeddable":true,"href":"https:\/\/eldiariodesanpedro.com.ar\/sitio\/wp-json\/wp\/v2\/categories?post=32666"},{"taxonomy":"post_tag","embeddable":true,"href":"https:\/\/eldiariodesanpedro.com.ar\/sitio\/wp-json\/wp\/v2\/tags?post=32666"}],"curies":[{"name":"wp","href":"https:\/\/api.w.org\/{rel}","templated":true}]}}