{"id":32617,"date":"2018-05-04T15:39:52","date_gmt":"2018-05-04T18:39:52","guid":{"rendered":"https:\/\/eldiariodesanpedro.com.ar\/sitio\/?p=32617"},"modified":"2018-05-04T15:39:52","modified_gmt":"2018-05-04T18:39:52","slug":"segunda-edicion-del-ciclo-de-cine-mundial-2018","status":"publish","type":"post","link":"https:\/\/eldiariodesanpedro.com.ar\/sitio\/segunda-edicion-del-ciclo-de-cine-mundial-2018\/","title":{"rendered":"Segunda Edici\u00f3n del Ciclo de Cine Mundial 2018"},"content":{"rendered":"<p><!-- VideographyWP Plugin Message: Automatic video embedding prevented by plugin options. --><br \/>\nLa Direcci\u00f3n de Cultura te invita a ser parte de esta segunda edici\u00f3n del Ciclo de Cine que recorre 15 pa\u00edses, y nos presenta una mirada sobre la cinematograf\u00eda de cada regi\u00f3n.<\/p>\n<p>Esta vez la propuesta incluye pel\u00edculas de Francia, Dinamarca, Jap\u00f3n, Irlanda, Italia, Israel, Espa\u00f1a, Per\u00fa, Nigeria, Rumania, China, Estados Unidos, Rusia, Islandia Uruguay y Argentina.<\/p>\n<p>La diferentes pel\u00edculas que se proyectar\u00e1n no se enmarcan en un g\u00e9nero particular, sino por el contrario se despliegan en un abanico de diferentes tem\u00e1ticas y modos. Desde dramas intensos, pasando por comedias absurdas, hasta historias que nos hacen reflexionar sobre el ser humanos y sus conductas. <\/p>\n<p>Con entrada libre y gratuita, las pel\u00edculas se proyectaran en el Teatro Sirpo, con una frecuencia quincenal, comenzando el 16 de Abril y extendi\u00e9ndose hasta el 28 de Noviembre.<\/p>\n<p>El horario de las funciones ser\u00e1 20:30hs., comenzando puntual. Luego de las proyecciones se invitar\u00e1 a hacer un an\u00e1lisis sobre la pel\u00edcula de libre interpretaci\u00f3n en relaci\u00f3n con la literatura, historia, entre otras. <\/p>\n<p>El Ciclo abrir\u00e1 el Mi\u00e9rcoles 16 de mayo a las 20:30 hs. con el film de Francia \u201cEn la Casa\u201d, del reconocido director Franc\u00e9s Francois Ozon.<\/p>\n","protected":false},"excerpt":{"rendered":"<p>La Direcci\u00f3n de Cultura te invita a ser parte de esta segunda edici\u00f3n del Ciclo de Cine que recorre 15 pa\u00edses, y nos presenta una mirada sobre la cinematograf\u00eda de cada regi\u00f3n. Esta vez la propuesta incluye pel\u00edculas de Francia, Dinamarca, Jap\u00f3n, Irlanda, Italia, Israel, Espa\u00f1a, Per\u00fa, Nigeria, Rumania, China, Estados Unidos, Rusia, Islandia Uruguay [&hellip;]<\/p>\n","protected":false},"author":4,"featured_media":32618,"comment_status":"open","ping_status":"closed","sticky":false,"template":"","format":"standard","meta":{"om_disable_all_campaigns":false,"_jetpack_memberships_contains_paid_content":false,"footnotes":""},"categories":[101,2],"tags":[],"class_list":["post-32617","post","type-post","status-publish","format-standard","has-post-thumbnail","hentry","category-interes-general-locales","category-locales"],"aioseo_notices":[],"gutentor_comment":0,"jetpack_featured_media_url":"https:\/\/eldiariodesanpedro.com.ar\/sitio\/wp-content\/uploads\/2018\/05\/CineSiripoMayo.jpg","jetpack_shortlink":"https:\/\/wp.me\/p6RhLt-8u5","jetpack_sharing_enabled":true,"_links":{"self":[{"href":"https:\/\/eldiariodesanpedro.com.ar\/sitio\/wp-json\/wp\/v2\/posts\/32617","targetHints":{"allow":["GET"]}}],"collection":[{"href":"https:\/\/eldiariodesanpedro.com.ar\/sitio\/wp-json\/wp\/v2\/posts"}],"about":[{"href":"https:\/\/eldiariodesanpedro.com.ar\/sitio\/wp-json\/wp\/v2\/types\/post"}],"author":[{"embeddable":true,"href":"https:\/\/eldiariodesanpedro.com.ar\/sitio\/wp-json\/wp\/v2\/users\/4"}],"replies":[{"embeddable":true,"href":"https:\/\/eldiariodesanpedro.com.ar\/sitio\/wp-json\/wp\/v2\/comments?post=32617"}],"version-history":[{"count":1,"href":"https:\/\/eldiariodesanpedro.com.ar\/sitio\/wp-json\/wp\/v2\/posts\/32617\/revisions"}],"predecessor-version":[{"id":32619,"href":"https:\/\/eldiariodesanpedro.com.ar\/sitio\/wp-json\/wp\/v2\/posts\/32617\/revisions\/32619"}],"wp:featuredmedia":[{"embeddable":true,"href":"https:\/\/eldiariodesanpedro.com.ar\/sitio\/wp-json\/wp\/v2\/media\/32618"}],"wp:attachment":[{"href":"https:\/\/eldiariodesanpedro.com.ar\/sitio\/wp-json\/wp\/v2\/media?parent=32617"}],"wp:term":[{"taxonomy":"category","embeddable":true,"href":"https:\/\/eldiariodesanpedro.com.ar\/sitio\/wp-json\/wp\/v2\/categories?post=32617"},{"taxonomy":"post_tag","embeddable":true,"href":"https:\/\/eldiariodesanpedro.com.ar\/sitio\/wp-json\/wp\/v2\/tags?post=32617"}],"curies":[{"name":"wp","href":"https:\/\/api.w.org\/{rel}","templated":true}]}}