{"id":32603,"date":"2018-05-03T20:04:04","date_gmt":"2018-05-03T23:04:04","guid":{"rendered":"https:\/\/eldiariodesanpedro.com.ar\/sitio\/?p=32603"},"modified":"2026-01-24T00:16:22","modified_gmt":"2026-01-24T03:16:22","slug":"voley-se-jugo-la-fecha-inicial-del-certamen-de-la-asoc-nicolena-con-triunfo-de-la-primera","status":"publish","type":"post","link":"https:\/\/eldiariodesanpedro.com.ar\/sitio\/voley-se-jugo-la-fecha-inicial-del-certamen-de-la-asoc-nicolena-con-triunfo-de-la-primera\/","title":{"rendered":"V\u00d3LEY:  Se jug\u00f3 la fecha inicial del certamen de la Asoc. Nicole\u00f1a con triunfo de la primera"},"content":{"rendered":"<p><!-- VideographyWP Plugin Message: Automatic video embedding prevented by plugin options. --><br \/>\n  El pasado s\u00e1bado comenz\u00f3 el certamen para las categor\u00edas femeninas, las cuales viajaron a Villa Constituci\u00f3n. Los resultados fueron:<br \/>\nSub 13 perdi\u00f3 0-3 vs Riberas A y gan\u00f3 3-0 vs Riberas B, Sub 15 perdi\u00f3 los 2 partidos 0-3, Sub 17 perdi\u00f3 1-3 y en Primera gan\u00f3 3-0.<\/p>\n","protected":false},"excerpt":{"rendered":"<p>El pasado s\u00e1bado comenz\u00f3 el certamen para las categor\u00edas femeninas, las cuales viajaron a Villa Constituci\u00f3n. Los resultados fueron: Sub 13 perdi\u00f3 0-3 vs Riberas A y gan\u00f3 3-0 vs Riberas B, Sub 15 perdi\u00f3 los 2 partidos 0-3, Sub 17 perdi\u00f3 1-3 y en Primera gan\u00f3 3-0.<\/p>\n","protected":false},"author":4,"featured_media":32606,"comment_status":"open","ping_status":"closed","sticky":false,"template":"","format":"standard","meta":{"om_disable_all_campaigns":false,"_jetpack_memberships_contains_paid_content":false,"footnotes":""},"categories":[5],"tags":[],"class_list":["post-32603","post","type-post","status-publish","format-standard","has-post-thumbnail","hentry","category-deportes"],"aioseo_notices":[],"gutentor_comment":0,"jetpack_featured_media_url":"https:\/\/eldiariodesanpedro.com.ar\/sitio\/wp-content\/uploads\/2018\/05\/Plantel-superior-de-CNSP.jpg","jetpack_shortlink":"https:\/\/wp.me\/p6RhLt-8tR","jetpack_sharing_enabled":true,"_links":{"self":[{"href":"https:\/\/eldiariodesanpedro.com.ar\/sitio\/wp-json\/wp\/v2\/posts\/32603","targetHints":{"allow":["GET"]}}],"collection":[{"href":"https:\/\/eldiariodesanpedro.com.ar\/sitio\/wp-json\/wp\/v2\/posts"}],"about":[{"href":"https:\/\/eldiariodesanpedro.com.ar\/sitio\/wp-json\/wp\/v2\/types\/post"}],"author":[{"embeddable":true,"href":"https:\/\/eldiariodesanpedro.com.ar\/sitio\/wp-json\/wp\/v2\/users\/4"}],"replies":[{"embeddable":true,"href":"https:\/\/eldiariodesanpedro.com.ar\/sitio\/wp-json\/wp\/v2\/comments?post=32603"}],"version-history":[{"count":1,"href":"https:\/\/eldiariodesanpedro.com.ar\/sitio\/wp-json\/wp\/v2\/posts\/32603\/revisions"}],"predecessor-version":[{"id":32609,"href":"https:\/\/eldiariodesanpedro.com.ar\/sitio\/wp-json\/wp\/v2\/posts\/32603\/revisions\/32609"}],"wp:featuredmedia":[{"embeddable":true,"href":"https:\/\/eldiariodesanpedro.com.ar\/sitio\/wp-json\/wp\/v2\/media\/32606"}],"wp:attachment":[{"href":"https:\/\/eldiariodesanpedro.com.ar\/sitio\/wp-json\/wp\/v2\/media?parent=32603"}],"wp:term":[{"taxonomy":"category","embeddable":true,"href":"https:\/\/eldiariodesanpedro.com.ar\/sitio\/wp-json\/wp\/v2\/categories?post=32603"},{"taxonomy":"post_tag","embeddable":true,"href":"https:\/\/eldiariodesanpedro.com.ar\/sitio\/wp-json\/wp\/v2\/tags?post=32603"}],"curies":[{"name":"wp","href":"https:\/\/api.w.org\/{rel}","templated":true}]}}