{"id":32601,"date":"2018-05-03T20:03:10","date_gmt":"2018-05-03T23:03:10","guid":{"rendered":"https:\/\/eldiariodesanpedro.com.ar\/sitio\/?p=32601"},"modified":"2026-01-24T00:16:22","modified_gmt":"2026-01-24T03:16:22","slug":"basquet-hernan-montenegro-dictara-charla-en-la-ribera","status":"publish","type":"post","link":"https:\/\/eldiariodesanpedro.com.ar\/sitio\/basquet-hernan-montenegro-dictara-charla-en-la-ribera\/","title":{"rendered":"B\u00c1SQUET: Hern\u00e1n Montenegro dictar\u00e1 charla en la \u2018ribera\u2019"},"content":{"rendered":"<p><!-- VideographyWP Plugin Message: Automatic video embedding prevented by plugin options. --><br \/>\nEl s\u00e1bado 5 de mayo los amantes del b\u00e1squet y del deporte est\u00e1n invitados a una charla con un \u00abhist\u00f3rico\u00bb que llega para compartir su experiencia. Se pueden reservar entradas en la Secretaria del Club N\u00e1utico o con integrantes de la subcomisi\u00f3n de B\u00e1squet.<\/p>\n","protected":false},"excerpt":{"rendered":"<p>El s\u00e1bado 5 de mayo los amantes del b\u00e1squet y del deporte est\u00e1n invitados a una charla con un \u00abhist\u00f3rico\u00bb que llega para compartir su experiencia. Se pueden reservar entradas en la Secretaria del Club N\u00e1utico o con integrantes de la subcomisi\u00f3n de B\u00e1squet.<\/p>\n","protected":false},"author":4,"featured_media":32604,"comment_status":"open","ping_status":"closed","sticky":false,"template":"","format":"standard","meta":{"om_disable_all_campaigns":false,"_jetpack_memberships_contains_paid_content":false,"footnotes":""},"categories":[5],"tags":[],"class_list":["post-32601","post","type-post","status-publish","format-standard","has-post-thumbnail","hentry","category-deportes"],"aioseo_notices":[],"gutentor_comment":0,"jetpack_featured_media_url":"https:\/\/eldiariodesanpedro.com.ar\/sitio\/wp-content\/uploads\/2018\/05\/el-Loco-Montenegro-.jpg","jetpack_shortlink":"https:\/\/wp.me\/p6RhLt-8tP","jetpack_sharing_enabled":true,"_links":{"self":[{"href":"https:\/\/eldiariodesanpedro.com.ar\/sitio\/wp-json\/wp\/v2\/posts\/32601","targetHints":{"allow":["GET"]}}],"collection":[{"href":"https:\/\/eldiariodesanpedro.com.ar\/sitio\/wp-json\/wp\/v2\/posts"}],"about":[{"href":"https:\/\/eldiariodesanpedro.com.ar\/sitio\/wp-json\/wp\/v2\/types\/post"}],"author":[{"embeddable":true,"href":"https:\/\/eldiariodesanpedro.com.ar\/sitio\/wp-json\/wp\/v2\/users\/4"}],"replies":[{"embeddable":true,"href":"https:\/\/eldiariodesanpedro.com.ar\/sitio\/wp-json\/wp\/v2\/comments?post=32601"}],"version-history":[{"count":1,"href":"https:\/\/eldiariodesanpedro.com.ar\/sitio\/wp-json\/wp\/v2\/posts\/32601\/revisions"}],"predecessor-version":[{"id":32605,"href":"https:\/\/eldiariodesanpedro.com.ar\/sitio\/wp-json\/wp\/v2\/posts\/32601\/revisions\/32605"}],"wp:featuredmedia":[{"embeddable":true,"href":"https:\/\/eldiariodesanpedro.com.ar\/sitio\/wp-json\/wp\/v2\/media\/32604"}],"wp:attachment":[{"href":"https:\/\/eldiariodesanpedro.com.ar\/sitio\/wp-json\/wp\/v2\/media?parent=32601"}],"wp:term":[{"taxonomy":"category","embeddable":true,"href":"https:\/\/eldiariodesanpedro.com.ar\/sitio\/wp-json\/wp\/v2\/categories?post=32601"},{"taxonomy":"post_tag","embeddable":true,"href":"https:\/\/eldiariodesanpedro.com.ar\/sitio\/wp-json\/wp\/v2\/tags?post=32601"}],"curies":[{"name":"wp","href":"https:\/\/api.w.org\/{rel}","templated":true}]}}