{"id":32596,"date":"2018-05-03T20:00:23","date_gmt":"2018-05-03T23:00:23","guid":{"rendered":"https:\/\/eldiariodesanpedro.com.ar\/sitio\/?p=32596"},"modified":"2026-01-24T00:16:22","modified_gmt":"2026-01-24T03:16:22","slug":"canotaje-nautico-campeon-argentino-de-maraton-en-concepcion-del-uruguay","status":"publish","type":"post","link":"https:\/\/eldiariodesanpedro.com.ar\/sitio\/canotaje-nautico-campeon-argentino-de-maraton-en-concepcion-del-uruguay\/","title":{"rendered":"CANOTAJE: N\u00e1utico Campe\u00f3n Argentino de Marat\u00f3n en Concepci\u00f3n del Uruguay"},"content":{"rendered":"<p><!-- VideographyWP Plugin Message: Automatic video embedding prevented by plugin options. --><br \/>\nCon 300 deportistas de diferentes puntos del pa\u00eds que fueron parte de la competencia, N\u00e1utico San Pedro se adjudic\u00f3 el Campeonato por Clubes en el Argentino de Marat\u00f3n corrido en Concepci\u00f3n del Uruguay. <\/p>\n<p>  La delegaci\u00f3n particip\u00f3 de las regatas que se corrieron durante todo el s\u00e1bado y parte del domingo hasta que la tormenta impidi\u00f3 la continuidad.<\/p>\n<p>  Para el Canotaje del Club es un titulo muy destacado, considerando que se trata de una especialidad que no est\u00e1 dentro de las m\u00e1s fuertes, pero que en este caso los encontr\u00f3 en un alto nivel.<\/p>\n<p>  En lo individual, Rebeca D&#8217;Estefano fue Campeona Argentina en K1, Lisandro Butti fue 3\u00ba y Tom\u00e1s P\u00e9rez 5\u00ba en K1 Cadetes. Lisandro y Tom\u00e1s fueron campeones en K2 cadetes y Lisandro, Tomas junto a Valent\u00edn Rossi y Tomas Araldi se consagraron campeones en el K4 cadetes. <\/p>\n<p>  En K2 Melina S\u00e1nchez y Teresita Bonilla fueron campeonas y Teresita Bonilla fue subcampeona en K1 Junior Mujeres. Completando la excelente performance Caramuto &#8211; Rol\u00f3n fueron campeones en K2 Master y Gustavo Rol\u00f3n fue medalla de bronce en K1 Master.<\/p>\n","protected":false},"excerpt":{"rendered":"<p>Con 300 deportistas de diferentes puntos del pa\u00eds que fueron parte de la competencia, N\u00e1utico San Pedro se adjudic\u00f3 el Campeonato por Clubes en el Argentino de Marat\u00f3n corrido en Concepci\u00f3n del Uruguay. La delegaci\u00f3n particip\u00f3 de las regatas que se corrieron durante todo el s\u00e1bado y parte del domingo hasta que la tormenta impidi\u00f3 [&hellip;]<\/p>\n","protected":false},"author":4,"featured_media":32598,"comment_status":"open","ping_status":"closed","sticky":false,"template":"","format":"standard","meta":{"om_disable_all_campaigns":false,"_jetpack_memberships_contains_paid_content":false,"footnotes":""},"categories":[5],"tags":[],"class_list":["post-32596","post","type-post","status-publish","format-standard","has-post-thumbnail","hentry","category-deportes"],"aioseo_notices":[],"gutentor_comment":0,"jetpack_featured_media_url":"https:\/\/eldiariodesanpedro.com.ar\/sitio\/wp-content\/uploads\/2018\/05\/Nuevamente-el-CNSP-en-los-m\u00e1s-alto-del-canotaje-nacional.jpg","jetpack_shortlink":"https:\/\/wp.me\/p6RhLt-8tK","jetpack_sharing_enabled":true,"_links":{"self":[{"href":"https:\/\/eldiariodesanpedro.com.ar\/sitio\/wp-json\/wp\/v2\/posts\/32596","targetHints":{"allow":["GET"]}}],"collection":[{"href":"https:\/\/eldiariodesanpedro.com.ar\/sitio\/wp-json\/wp\/v2\/posts"}],"about":[{"href":"https:\/\/eldiariodesanpedro.com.ar\/sitio\/wp-json\/wp\/v2\/types\/post"}],"author":[{"embeddable":true,"href":"https:\/\/eldiariodesanpedro.com.ar\/sitio\/wp-json\/wp\/v2\/users\/4"}],"replies":[{"embeddable":true,"href":"https:\/\/eldiariodesanpedro.com.ar\/sitio\/wp-json\/wp\/v2\/comments?post=32596"}],"version-history":[{"count":1,"href":"https:\/\/eldiariodesanpedro.com.ar\/sitio\/wp-json\/wp\/v2\/posts\/32596\/revisions"}],"predecessor-version":[{"id":32602,"href":"https:\/\/eldiariodesanpedro.com.ar\/sitio\/wp-json\/wp\/v2\/posts\/32596\/revisions\/32602"}],"wp:featuredmedia":[{"embeddable":true,"href":"https:\/\/eldiariodesanpedro.com.ar\/sitio\/wp-json\/wp\/v2\/media\/32598"}],"wp:attachment":[{"href":"https:\/\/eldiariodesanpedro.com.ar\/sitio\/wp-json\/wp\/v2\/media?parent=32596"}],"wp:term":[{"taxonomy":"category","embeddable":true,"href":"https:\/\/eldiariodesanpedro.com.ar\/sitio\/wp-json\/wp\/v2\/categories?post=32596"},{"taxonomy":"post_tag","embeddable":true,"href":"https:\/\/eldiariodesanpedro.com.ar\/sitio\/wp-json\/wp\/v2\/tags?post=32596"}],"curies":[{"name":"wp","href":"https:\/\/api.w.org\/{rel}","templated":true}]}}