{"id":32587,"date":"2018-05-03T19:57:03","date_gmt":"2018-05-03T22:57:03","guid":{"rendered":"https:\/\/eldiariodesanpedro.com.ar\/sitio\/?p=32587"},"modified":"2018-05-03T19:57:03","modified_gmt":"2018-05-03T22:57:03","slug":"arrecifes-bomberos-salvan-a-una-joven-tras-un-incendio-en-el-motel-las-moras","status":"publish","type":"post","link":"https:\/\/eldiariodesanpedro.com.ar\/sitio\/arrecifes-bomberos-salvan-a-una-joven-tras-un-incendio-en-el-motel-las-moras\/","title":{"rendered":"ARRECIFES: Bomberos salvan a una joven tras un incendio en el motel Las Moras"},"content":{"rendered":"<p><!-- VideographyWP Plugin Message: Automatic video embedding prevented by plugin options. --><br \/>\n  Bomberos Voluntarios y asistencia m\u00e9dica debieron acudir en la ma\u00f1ana del lunes al motel Las Moras de nuestra ciudad, ubicado en el kil\u00f3metro 170 ruta 8.<\/p>\n<p>  All\u00ed, aproximadamente a las 6:30 a.m. se produjo un incendio en una de las habitaciones que se encontraba desocupada. El humo sali\u00f3 por los pasillos e ingres\u00f3 en un cuarto donde pernoctaban un joven de 33 a\u00f1os y una chica de 18. Esta \u00faltima, al estar durmiendo, inhal\u00f3 mon\u00f3xido de carbono y perdi\u00f3 el conocimiento, seg\u00fan relato de testigos.<\/p>\n<p>  Los Bomberos trabajaron en su reanimaci\u00f3n con pr\u00e1cticas de RCP y lograron recuperarla de lo que habr\u00edan sido dos paros card\u00edacos, siendo trasladada de inmediato al Hospital Municipal donde se recupera.<\/p>\n<p>  Se desconocen las causas del incendio, aunque todo apunta a un cortocircuito ocasionado por la lluvia y la humedad, lo que se determinar\u00e1 luego de las pericias.<\/p>\n<p>Fuente: Arrecifes Noticias<\/p>\n","protected":false},"excerpt":{"rendered":"<p>Bomberos Voluntarios y asistencia m\u00e9dica debieron acudir en la ma\u00f1ana del lunes al motel Las Moras de nuestra ciudad, ubicado en el kil\u00f3metro 170 ruta 8. All\u00ed, aproximadamente a las 6:30 a.m. se produjo un incendio en una de las habitaciones que se encontraba desocupada. El humo sali\u00f3 por los pasillos e ingres\u00f3 en un [&hellip;]<\/p>\n","protected":false},"author":4,"featured_media":32590,"comment_status":"open","ping_status":"closed","sticky":false,"template":"","format":"standard","meta":{"om_disable_all_campaigns":false,"_jetpack_memberships_contains_paid_content":false,"footnotes":""},"categories":[621],"tags":[],"class_list":["post-32587","post","type-post","status-publish","format-standard","has-post-thumbnail","hentry","category-regionales"],"aioseo_notices":[],"gutentor_comment":0,"jetpack_featured_media_url":"https:\/\/eldiariodesanpedro.com.ar\/sitio\/wp-content\/uploads\/2018\/05\/Bomberos-salvan-a-una-joven-tras-un-incendio-en-el-motel-Las-Moras.jpg","jetpack_shortlink":"https:\/\/wp.me\/p6RhLt-8tB","jetpack_sharing_enabled":true,"_links":{"self":[{"href":"https:\/\/eldiariodesanpedro.com.ar\/sitio\/wp-json\/wp\/v2\/posts\/32587","targetHints":{"allow":["GET"]}}],"collection":[{"href":"https:\/\/eldiariodesanpedro.com.ar\/sitio\/wp-json\/wp\/v2\/posts"}],"about":[{"href":"https:\/\/eldiariodesanpedro.com.ar\/sitio\/wp-json\/wp\/v2\/types\/post"}],"author":[{"embeddable":true,"href":"https:\/\/eldiariodesanpedro.com.ar\/sitio\/wp-json\/wp\/v2\/users\/4"}],"replies":[{"embeddable":true,"href":"https:\/\/eldiariodesanpedro.com.ar\/sitio\/wp-json\/wp\/v2\/comments?post=32587"}],"version-history":[{"count":1,"href":"https:\/\/eldiariodesanpedro.com.ar\/sitio\/wp-json\/wp\/v2\/posts\/32587\/revisions"}],"predecessor-version":[{"id":32592,"href":"https:\/\/eldiariodesanpedro.com.ar\/sitio\/wp-json\/wp\/v2\/posts\/32587\/revisions\/32592"}],"wp:featuredmedia":[{"embeddable":true,"href":"https:\/\/eldiariodesanpedro.com.ar\/sitio\/wp-json\/wp\/v2\/media\/32590"}],"wp:attachment":[{"href":"https:\/\/eldiariodesanpedro.com.ar\/sitio\/wp-json\/wp\/v2\/media?parent=32587"}],"wp:term":[{"taxonomy":"category","embeddable":true,"href":"https:\/\/eldiariodesanpedro.com.ar\/sitio\/wp-json\/wp\/v2\/categories?post=32587"},{"taxonomy":"post_tag","embeddable":true,"href":"https:\/\/eldiariodesanpedro.com.ar\/sitio\/wp-json\/wp\/v2\/tags?post=32587"}],"curies":[{"name":"wp","href":"https:\/\/api.w.org\/{rel}","templated":true}]}}