{"id":32586,"date":"2018-05-03T19:55:52","date_gmt":"2018-05-03T22:55:52","guid":{"rendered":"https:\/\/eldiariodesanpedro.com.ar\/sitio\/?p=32586"},"modified":"2018-05-03T19:55:52","modified_gmt":"2018-05-03T22:55:52","slug":"san-nicolas-nuevos-puentes-sobre-la-verde","status":"publish","type":"post","link":"https:\/\/eldiariodesanpedro.com.ar\/sitio\/san-nicolas-nuevos-puentes-sobre-la-verde\/","title":{"rendered":"SAN NICOL\u00c1S: Nuevos puentes sobre La Verde"},"content":{"rendered":"<p><!-- VideographyWP Plugin Message: Automatic video embedding prevented by plugin options. --><br \/>\n  Con las firmas del Intendente Manuel Passaglia y del Secretario de Econom\u00eda y Finanzas, Miguel \u00c1ngel Battaggia, este fin de semana la Municipalidad de San Nicol\u00e1s dio a publicidad un llamado a licitaci\u00f3n p\u00fablica cuyo objeto es la construcci\u00f3n de nuevos puentes sobre el canal La Verde y otros trabajos complementarios correspondientes a un Plan de Obras Hidr\u00e1ulicas.<\/p>\n<p>  La inversi\u00f3n que el gobierno local planea volcar en la concreci\u00f3n de tales trabajos asciende casi a 8 millones de pesos. El acto de apertura de sobres fue anunciado para el mi\u00e9rcoles 6 de junio pr\u00f3ximo en dependencias del Palacio Municipal. El zanj\u00f3n La Verde se extiende a lo largo de casi 9 mil metros desde Er\u00e9zcano hasta el kil\u00f3metro 13 de la Ruta 188 y contin\u00faa su recorrido hasta desembocar en el Arroyo del Medio. Es la principal protecci\u00f3n hidr\u00e1ulica del Partido de San Nicol\u00e1s contra las aguas que bajan desde Pergamino. <\/p>\n","protected":false},"excerpt":{"rendered":"<p>Con las firmas del Intendente Manuel Passaglia y del Secretario de Econom\u00eda y Finanzas, Miguel \u00c1ngel Battaggia, este fin de semana la Municipalidad de San Nicol\u00e1s dio a publicidad un llamado a licitaci\u00f3n p\u00fablica cuyo objeto es la construcci\u00f3n de nuevos puentes sobre el canal La Verde y otros trabajos complementarios correspondientes a un Plan [&hellip;]<\/p>\n","protected":false},"author":4,"featured_media":0,"comment_status":"open","ping_status":"closed","sticky":false,"template":"","format":"standard","meta":{"om_disable_all_campaigns":false,"_jetpack_memberships_contains_paid_content":false,"footnotes":""},"categories":[621],"tags":[],"class_list":["post-32586","post","type-post","status-publish","format-standard","hentry","category-regionales"],"aioseo_notices":[],"gutentor_comment":0,"jetpack_featured_media_url":"","jetpack_shortlink":"https:\/\/wp.me\/p6RhLt-8tA","jetpack_sharing_enabled":true,"_links":{"self":[{"href":"https:\/\/eldiariodesanpedro.com.ar\/sitio\/wp-json\/wp\/v2\/posts\/32586","targetHints":{"allow":["GET"]}}],"collection":[{"href":"https:\/\/eldiariodesanpedro.com.ar\/sitio\/wp-json\/wp\/v2\/posts"}],"about":[{"href":"https:\/\/eldiariodesanpedro.com.ar\/sitio\/wp-json\/wp\/v2\/types\/post"}],"author":[{"embeddable":true,"href":"https:\/\/eldiariodesanpedro.com.ar\/sitio\/wp-json\/wp\/v2\/users\/4"}],"replies":[{"embeddable":true,"href":"https:\/\/eldiariodesanpedro.com.ar\/sitio\/wp-json\/wp\/v2\/comments?post=32586"}],"version-history":[{"count":1,"href":"https:\/\/eldiariodesanpedro.com.ar\/sitio\/wp-json\/wp\/v2\/posts\/32586\/revisions"}],"predecessor-version":[{"id":32589,"href":"https:\/\/eldiariodesanpedro.com.ar\/sitio\/wp-json\/wp\/v2\/posts\/32586\/revisions\/32589"}],"wp:attachment":[{"href":"https:\/\/eldiariodesanpedro.com.ar\/sitio\/wp-json\/wp\/v2\/media?parent=32586"}],"wp:term":[{"taxonomy":"category","embeddable":true,"href":"https:\/\/eldiariodesanpedro.com.ar\/sitio\/wp-json\/wp\/v2\/categories?post=32586"},{"taxonomy":"post_tag","embeddable":true,"href":"https:\/\/eldiariodesanpedro.com.ar\/sitio\/wp-json\/wp\/v2\/tags?post=32586"}],"curies":[{"name":"wp","href":"https:\/\/api.w.org\/{rel}","templated":true}]}}