{"id":32581,"date":"2018-05-03T19:53:37","date_gmt":"2018-05-03T22:53:37","guid":{"rendered":"https:\/\/eldiariodesanpedro.com.ar\/sitio\/?p=32581"},"modified":"2018-05-03T19:53:37","modified_gmt":"2018-05-03T22:53:37","slug":"arrecifes-las-obras-sirvieron-el-rio-sigue-sin-desbordar","status":"publish","type":"post","link":"https:\/\/eldiariodesanpedro.com.ar\/sitio\/arrecifes-las-obras-sirvieron-el-rio-sigue-sin-desbordar\/","title":{"rendered":"ARRECIFES: Las obras sirvieron, el r\u00edo sigue sin desbordar"},"content":{"rendered":"<p><!-- VideographyWP Plugin Message: Automatic video embedding prevented by plugin options. --><br \/>\n  Con m\u00e1s de 160 mil\u00edmetros de lluvia ca\u00eddos en la \u00faltima semana y la persistencia de las mismas, el r\u00edo Arrecifes continuaba sin desbordarse hasta la ma\u00f1ana de ayer. Ni siquiera con el agua que recibe de otros cursos h\u00eddricos de la Cuenca del R\u00edo Arrecifes.<\/p>\n<p>  Luego de las obras realizadas por el Gobierno bonaerense, muy cuestionadas por la deforestaci\u00f3n de las m\u00e1rgenes de nuestro r\u00edo (hasta desde algunos sectores exigiendo que se detuvieran), \u00e9sta es la primera prueba fuerte de su resultado. Y a la luz de los hechos, muy satisfactorios.<\/p>\n<p>  Con la misma cantidad de agua ca\u00edda en pocos d\u00edas, en oportunidades anteriores el r\u00edo desbordaba r\u00e1pidamente y los sectores habitacionales aleda\u00f1os se inundaban.<\/p>\n<p>Fuente: Arrecifes Noticias<\/p>\n","protected":false},"excerpt":{"rendered":"<p>Con m\u00e1s de 160 mil\u00edmetros de lluvia ca\u00eddos en la \u00faltima semana y la persistencia de las mismas, el r\u00edo Arrecifes continuaba sin desbordarse hasta la ma\u00f1ana de ayer. Ni siquiera con el agua que recibe de otros cursos h\u00eddricos de la Cuenca del R\u00edo Arrecifes. Luego de las obras realizadas por el Gobierno bonaerense, [&hellip;]<\/p>\n","protected":false},"author":4,"featured_media":32584,"comment_status":"open","ping_status":"closed","sticky":false,"template":"","format":"standard","meta":{"om_disable_all_campaigns":false,"_jetpack_memberships_contains_paid_content":false,"footnotes":""},"categories":[621],"tags":[],"class_list":["post-32581","post","type-post","status-publish","format-standard","has-post-thumbnail","hentry","category-regionales"],"aioseo_notices":[],"gutentor_comment":0,"jetpack_featured_media_url":"https:\/\/eldiariodesanpedro.com.ar\/sitio\/wp-content\/uploads\/2018\/05\/El-nuevo-cauce-del-r\u00edo-Arrecifes-.jpg","jetpack_shortlink":"https:\/\/wp.me\/p6RhLt-8tv","jetpack_sharing_enabled":true,"_links":{"self":[{"href":"https:\/\/eldiariodesanpedro.com.ar\/sitio\/wp-json\/wp\/v2\/posts\/32581","targetHints":{"allow":["GET"]}}],"collection":[{"href":"https:\/\/eldiariodesanpedro.com.ar\/sitio\/wp-json\/wp\/v2\/posts"}],"about":[{"href":"https:\/\/eldiariodesanpedro.com.ar\/sitio\/wp-json\/wp\/v2\/types\/post"}],"author":[{"embeddable":true,"href":"https:\/\/eldiariodesanpedro.com.ar\/sitio\/wp-json\/wp\/v2\/users\/4"}],"replies":[{"embeddable":true,"href":"https:\/\/eldiariodesanpedro.com.ar\/sitio\/wp-json\/wp\/v2\/comments?post=32581"}],"version-history":[{"count":1,"href":"https:\/\/eldiariodesanpedro.com.ar\/sitio\/wp-json\/wp\/v2\/posts\/32581\/revisions"}],"predecessor-version":[{"id":32585,"href":"https:\/\/eldiariodesanpedro.com.ar\/sitio\/wp-json\/wp\/v2\/posts\/32581\/revisions\/32585"}],"wp:featuredmedia":[{"embeddable":true,"href":"https:\/\/eldiariodesanpedro.com.ar\/sitio\/wp-json\/wp\/v2\/media\/32584"}],"wp:attachment":[{"href":"https:\/\/eldiariodesanpedro.com.ar\/sitio\/wp-json\/wp\/v2\/media?parent=32581"}],"wp:term":[{"taxonomy":"category","embeddable":true,"href":"https:\/\/eldiariodesanpedro.com.ar\/sitio\/wp-json\/wp\/v2\/categories?post=32581"},{"taxonomy":"post_tag","embeddable":true,"href":"https:\/\/eldiariodesanpedro.com.ar\/sitio\/wp-json\/wp\/v2\/tags?post=32581"}],"curies":[{"name":"wp","href":"https:\/\/api.w.org\/{rel}","templated":true}]}}