{"id":32579,"date":"2018-05-03T19:51:37","date_gmt":"2018-05-03T22:51:37","guid":{"rendered":"https:\/\/eldiariodesanpedro.com.ar\/sitio\/?p=32579"},"modified":"2018-05-03T19:53:27","modified_gmt":"2018-05-03T22:53:27","slug":"san-nicolas-mas-de-100-nicolenos-evacuados-por-el-temporal","status":"publish","type":"post","link":"https:\/\/eldiariodesanpedro.com.ar\/sitio\/san-nicolas-mas-de-100-nicolenos-evacuados-por-el-temporal\/","title":{"rendered":"SAN NICOL\u00c1S: M\u00e1s de 100 nicole\u00f1os evacuados por el temporal"},"content":{"rendered":"<p><!-- VideographyWP Plugin Message: Automatic video embedding prevented by plugin options. --><br \/>\nLos barrios m\u00e1s afectados son Virgen del Luj\u00e1n, Colombini, Villa Esperanza y Las Mellizas. Los evacuados ascienden a 108. Desde el gobierno provincial enviar\u00e1n ayuda social que ser\u00e1 canalizada a trav\u00e9s de la Municipalidad.<\/p>\n<p>  El temporal de las \u00faltimas horas provoc\u00f3 que distintas zonas de la ciudad se vieran afectadas por la gran acumulaci\u00f3n de agua complicando la circulaci\u00f3n y el ingreso a los domicilios. <\/p>\n<p>  Los barrios que presentan complicaciones por la presencia de agua son Colombini, Floresta, Virgen del Rosario, 12 de Marzo, Las Mellizas, Moreno, Fraga-Mart\u00ednez. Adem\u00e1s, en zona Sur, el sector del Zanj\u00f3n de Balcarce y Ben\u00edtez presenta peligro por desborde. <\/p>\n<p>  Otros sitios afectados son en calle Chacabuco donde el agua no desagota y tambi\u00e9n complicaciones en calle Figueroa Alcorta. El acceso Damaso Vald\u00e9s presenta peligrosidad en el tr\u00e1nsito por la gran cantidad de agua.<br \/>\n  Por su parte en barrio Lares tambi\u00e9n est\u00e1n las calles anegadas porque los zanjones est\u00e1n obstruidos. Adem\u00e1s, hay varios reclamos de cloacas rebalsadas en distintos puntos de la ciudad. <\/p>\n<p>  El n\u00famero de evacuados hasta el momento asciende a 108 provenientes de zona Norte y Sur. <\/p>\n<p>Informaci\u00f3n suministrada por la ONG Constituyentes de 53.<\/p>\n<p>Fuente: Diario El Informante<\/p>\n","protected":false},"excerpt":{"rendered":"<p>Los barrios m\u00e1s afectados son Virgen del Luj\u00e1n, Colombini, Villa Esperanza y Las Mellizas. Los evacuados ascienden a 108. Desde el gobierno provincial enviar\u00e1n ayuda social que ser\u00e1 canalizada a trav\u00e9s de la Municipalidad. El temporal de las \u00faltimas horas provoc\u00f3 que distintas zonas de la ciudad se vieran afectadas por la gran acumulaci\u00f3n de [&hellip;]<\/p>\n","protected":false},"author":4,"featured_media":32583,"comment_status":"open","ping_status":"closed","sticky":false,"template":"","format":"standard","meta":{"om_disable_all_campaigns":false,"_jetpack_memberships_contains_paid_content":false,"footnotes":""},"categories":[621],"tags":[],"class_list":["post-32579","post","type-post","status-publish","format-standard","has-post-thumbnail","hentry","category-regionales"],"aioseo_notices":[],"gutentor_comment":0,"jetpack_featured_media_url":"https:\/\/eldiariodesanpedro.com.ar\/sitio\/wp-content\/uploads\/2018\/05\/M\u00e1s-de-100-nicole\u00f1os-evacuados-por-el-temporal-1.jpg","jetpack_shortlink":"https:\/\/wp.me\/p6RhLt-8tt","jetpack_sharing_enabled":true,"_links":{"self":[{"href":"https:\/\/eldiariodesanpedro.com.ar\/sitio\/wp-json\/wp\/v2\/posts\/32579","targetHints":{"allow":["GET"]}}],"collection":[{"href":"https:\/\/eldiariodesanpedro.com.ar\/sitio\/wp-json\/wp\/v2\/posts"}],"about":[{"href":"https:\/\/eldiariodesanpedro.com.ar\/sitio\/wp-json\/wp\/v2\/types\/post"}],"author":[{"embeddable":true,"href":"https:\/\/eldiariodesanpedro.com.ar\/sitio\/wp-json\/wp\/v2\/users\/4"}],"replies":[{"embeddable":true,"href":"https:\/\/eldiariodesanpedro.com.ar\/sitio\/wp-json\/wp\/v2\/comments?post=32579"}],"version-history":[{"count":1,"href":"https:\/\/eldiariodesanpedro.com.ar\/sitio\/wp-json\/wp\/v2\/posts\/32579\/revisions"}],"predecessor-version":[{"id":32582,"href":"https:\/\/eldiariodesanpedro.com.ar\/sitio\/wp-json\/wp\/v2\/posts\/32579\/revisions\/32582"}],"wp:featuredmedia":[{"embeddable":true,"href":"https:\/\/eldiariodesanpedro.com.ar\/sitio\/wp-json\/wp\/v2\/media\/32583"}],"wp:attachment":[{"href":"https:\/\/eldiariodesanpedro.com.ar\/sitio\/wp-json\/wp\/v2\/media?parent=32579"}],"wp:term":[{"taxonomy":"category","embeddable":true,"href":"https:\/\/eldiariodesanpedro.com.ar\/sitio\/wp-json\/wp\/v2\/categories?post=32579"},{"taxonomy":"post_tag","embeddable":true,"href":"https:\/\/eldiariodesanpedro.com.ar\/sitio\/wp-json\/wp\/v2\/tags?post=32579"}],"curies":[{"name":"wp","href":"https:\/\/api.w.org\/{rel}","templated":true}]}}