{"id":32577,"date":"2018-05-03T20:04:54","date_gmt":"2018-05-03T23:04:54","guid":{"rendered":"https:\/\/eldiariodesanpedro.com.ar\/sitio\/?p=32577"},"modified":"2018-05-03T20:07:42","modified_gmt":"2018-05-03T23:07:42","slug":"aparecio-un-bebe-muerto-en-el-basural-y-la-autopsia-arrojo-que-murio-por-asfixia-horas-antes","status":"publish","type":"post","link":"https:\/\/eldiariodesanpedro.com.ar\/sitio\/aparecio-un-bebe-muerto-en-el-basural-y-la-autopsia-arrojo-que-murio-por-asfixia-horas-antes\/","title":{"rendered":"Apareci\u00f3 un bebe muerto en el basural y la autopsia arroj\u00f3 que muri\u00f3 por asfixia horas antes"},"content":{"rendered":"<p><!-- VideographyWP Plugin Message: Automatic video embedding prevented by plugin options. --><br \/>\nMomentos antes del mediod\u00eda del jueves varias personas que se encontraban trabajando en el basural de nuestra ciudad dieron con una bolsa en la que se encontr\u00f3 dentro un bebe sin vida.<\/p>\n<p>Minutos despu\u00e9s se hizo presente un m\u00f3vil policial para ratificar la informaci\u00f3n, seg\u00fan se pudo constatar en un primer momento el bebe estaba dentro de una bolsa de consorcio arrojado en el sector de descarga de los camiones que provienen de la localidad de R\u00edo Tala.<\/p>\n<p>La Dra. Viviana Ramos, que es quien instruye la causa, orden\u00f3 diversas tareas para sumar pruebas y obtener mayores detalles.<\/p>\n<p>Entre las pericias ordenadas est\u00e1 la autopsia donde se logro saber cuales fueron las causales de muerte, la que habr\u00eda sido por asfixia y fue alrededor de 6 horas antes del hallazgo del cuerpo.<\/p>\n<p>En un principio se creia que podria haber muerto de  un golpe que presentaba en la cabeza lo que fue desestimado por la autopsia y ademas se pudo determinar que seria un ni\u00f1o de alrededor de 36 semanas de gestaci\u00f3n por lo que fue asesinado despu\u00e9s de nacer.<\/p>\n<p>Personal de la Fiscal\u00eda 11 y Polic\u00eda trabajaron en el lugar dando inicio a una causa en la que se buscar\u00e1 establecer quienes fueron los responsables de la situaci\u00f3n y la causa llevar\u00eda la caratula de homicidio.<\/p>\n","protected":false},"excerpt":{"rendered":"<p>Momentos antes del mediod\u00eda del jueves varias personas que se encontraban trabajando en el basural de nuestra ciudad dieron con una bolsa en la que se encontr\u00f3 dentro un bebe sin vida. Minutos despu\u00e9s se hizo presente un m\u00f3vil policial para ratificar la informaci\u00f3n, seg\u00fan se pudo constatar en un primer momento el bebe estaba [&hellip;]<\/p>\n","protected":false},"author":4,"featured_media":32610,"comment_status":"open","ping_status":"closed","sticky":false,"template":"","format":"standard","meta":{"om_disable_all_campaigns":false,"_jetpack_memberships_contains_paid_content":false,"footnotes":""},"categories":[50,2,103],"tags":[],"class_list":["post-32577","post","type-post","status-publish","format-standard","has-post-thumbnail","hentry","category-destacadas","category-locales","category-policiales-locales"],"aioseo_notices":[],"gutentor_comment":0,"jetpack_featured_media_url":"https:\/\/eldiariodesanpedro.com.ar\/sitio\/wp-content\/uploads\/2018\/05\/TAPA-1.jpeg","jetpack_shortlink":"https:\/\/wp.me\/p6RhLt-8tr","jetpack_sharing_enabled":true,"_links":{"self":[{"href":"https:\/\/eldiariodesanpedro.com.ar\/sitio\/wp-json\/wp\/v2\/posts\/32577","targetHints":{"allow":["GET"]}}],"collection":[{"href":"https:\/\/eldiariodesanpedro.com.ar\/sitio\/wp-json\/wp\/v2\/posts"}],"about":[{"href":"https:\/\/eldiariodesanpedro.com.ar\/sitio\/wp-json\/wp\/v2\/types\/post"}],"author":[{"embeddable":true,"href":"https:\/\/eldiariodesanpedro.com.ar\/sitio\/wp-json\/wp\/v2\/users\/4"}],"replies":[{"embeddable":true,"href":"https:\/\/eldiariodesanpedro.com.ar\/sitio\/wp-json\/wp\/v2\/comments?post=32577"}],"version-history":[{"count":1,"href":"https:\/\/eldiariodesanpedro.com.ar\/sitio\/wp-json\/wp\/v2\/posts\/32577\/revisions"}],"predecessor-version":[{"id":32611,"href":"https:\/\/eldiariodesanpedro.com.ar\/sitio\/wp-json\/wp\/v2\/posts\/32577\/revisions\/32611"}],"wp:featuredmedia":[{"embeddable":true,"href":"https:\/\/eldiariodesanpedro.com.ar\/sitio\/wp-json\/wp\/v2\/media\/32610"}],"wp:attachment":[{"href":"https:\/\/eldiariodesanpedro.com.ar\/sitio\/wp-json\/wp\/v2\/media?parent=32577"}],"wp:term":[{"taxonomy":"category","embeddable":true,"href":"https:\/\/eldiariodesanpedro.com.ar\/sitio\/wp-json\/wp\/v2\/categories?post=32577"},{"taxonomy":"post_tag","embeddable":true,"href":"https:\/\/eldiariodesanpedro.com.ar\/sitio\/wp-json\/wp\/v2\/tags?post=32577"}],"curies":[{"name":"wp","href":"https:\/\/api.w.org\/{rel}","templated":true}]}}