{"id":32575,"date":"2018-05-03T18:39:00","date_gmt":"2018-05-03T21:39:00","guid":{"rendered":"https:\/\/eldiariodesanpedro.com.ar\/sitio\/?p=32575"},"modified":"2018-05-03T18:39:00","modified_gmt":"2018-05-03T21:39:00","slug":"la-oficina-de-empleo-en-el-cic-festival-hacelo-corto","status":"publish","type":"post","link":"https:\/\/eldiariodesanpedro.com.ar\/sitio\/la-oficina-de-empleo-en-el-cic-festival-hacelo-corto\/","title":{"rendered":"La Oficina de Empleo en el CIC, Festival Hacelo Corto"},"content":{"rendered":"<p><!-- VideographyWP Plugin Message: Automatic video embedding prevented by plugin options. --><br \/>\nLa municipalidad de San Pedro informa que la oficina de empleo se encontrara el pr\u00f3ximo 9 de mayo y ademas tambi\u00e9n informa que se desarrollar\u00e1 un festival de cortos en septiembre.<\/p>\n<p>La Subsecretar\u00eda de Desarrollo Econ\u00f3mico informa que la Oficina de Empleo estar\u00e1 brindando asistencia para j\u00f3venes entre 18 y 24 a\u00f1os sobre el Programa J\u00f3venes con M\u00e1s y Mejor Trabajo el d\u00eda mi\u00e9rcoles 9 de mayo en el CIC, Centro Integrador Comunitario, ubicado en Hermano Indio 2102.<\/p>\n<p>La Direcci\u00f3n de Cultura informa que se encuentra abierta la inscripci\u00f3n para participar del Festival Hacelo Corto a realizarse el domingo 16 de septiembre de 2018. La inscripci\u00f3n se encuentra habilitada hasta el d\u00eda 1 de junio.<\/p>\n","protected":false},"excerpt":{"rendered":"<p>La municipalidad de San Pedro informa que la oficina de empleo se encontrara el pr\u00f3ximo 9 de mayo y ademas tambi\u00e9n informa que se desarrollar\u00e1 un festival de cortos en septiembre. La Subsecretar\u00eda de Desarrollo Econ\u00f3mico informa que la Oficina de Empleo estar\u00e1 brindando asistencia para j\u00f3venes entre 18 y 24 a\u00f1os sobre el Programa [&hellip;]<\/p>\n","protected":false},"author":4,"featured_media":3855,"comment_status":"open","ping_status":"closed","sticky":false,"template":"","format":"standard","meta":{"om_disable_all_campaigns":false,"_jetpack_memberships_contains_paid_content":false,"footnotes":""},"categories":[101,2],"tags":[],"class_list":["post-32575","post","type-post","status-publish","format-standard","has-post-thumbnail","hentry","category-interes-general-locales","category-locales"],"aioseo_notices":[],"gutentor_comment":0,"jetpack_featured_media_url":"https:\/\/eldiariodesanpedro.com.ar\/sitio\/wp-content\/uploads\/2016\/05\/CIC-San-Pedro..jpg","jetpack_shortlink":"https:\/\/wp.me\/p6RhLt-8tp","jetpack_sharing_enabled":true,"_links":{"self":[{"href":"https:\/\/eldiariodesanpedro.com.ar\/sitio\/wp-json\/wp\/v2\/posts\/32575","targetHints":{"allow":["GET"]}}],"collection":[{"href":"https:\/\/eldiariodesanpedro.com.ar\/sitio\/wp-json\/wp\/v2\/posts"}],"about":[{"href":"https:\/\/eldiariodesanpedro.com.ar\/sitio\/wp-json\/wp\/v2\/types\/post"}],"author":[{"embeddable":true,"href":"https:\/\/eldiariodesanpedro.com.ar\/sitio\/wp-json\/wp\/v2\/users\/4"}],"replies":[{"embeddable":true,"href":"https:\/\/eldiariodesanpedro.com.ar\/sitio\/wp-json\/wp\/v2\/comments?post=32575"}],"version-history":[{"count":1,"href":"https:\/\/eldiariodesanpedro.com.ar\/sitio\/wp-json\/wp\/v2\/posts\/32575\/revisions"}],"predecessor-version":[{"id":32576,"href":"https:\/\/eldiariodesanpedro.com.ar\/sitio\/wp-json\/wp\/v2\/posts\/32575\/revisions\/32576"}],"wp:featuredmedia":[{"embeddable":true,"href":"https:\/\/eldiariodesanpedro.com.ar\/sitio\/wp-json\/wp\/v2\/media\/3855"}],"wp:attachment":[{"href":"https:\/\/eldiariodesanpedro.com.ar\/sitio\/wp-json\/wp\/v2\/media?parent=32575"}],"wp:term":[{"taxonomy":"category","embeddable":true,"href":"https:\/\/eldiariodesanpedro.com.ar\/sitio\/wp-json\/wp\/v2\/categories?post=32575"},{"taxonomy":"post_tag","embeddable":true,"href":"https:\/\/eldiariodesanpedro.com.ar\/sitio\/wp-json\/wp\/v2\/tags?post=32575"}],"curies":[{"name":"wp","href":"https:\/\/api.w.org\/{rel}","templated":true}]}}