{"id":32566,"date":"2018-05-03T18:04:38","date_gmt":"2018-05-03T21:04:38","guid":{"rendered":"https:\/\/eldiariodesanpedro.com.ar\/sitio\/?p=32566"},"modified":"2018-05-03T18:13:10","modified_gmt":"2018-05-03T21:13:10","slug":"dos-camionetas-de-reparto-asaltadas-en-el-mediodia-de-hoy-video","status":"publish","type":"post","link":"https:\/\/eldiariodesanpedro.com.ar\/sitio\/dos-camionetas-de-reparto-asaltadas-en-el-mediodia-de-hoy-video\/","title":{"rendered":"Dos camionetas de reparto asaltadas en el mediod\u00eda de hoy (Video)"},"content":{"rendered":"<p><!-- VideographyWP Plugin Message: Automatic video embedding prevented by plugin options. --><br \/>\nDos hechos delictivos ocurrieron este jueves que tuvieron como v\u00edctimas camiones de reparto de mercader\u00eda de empresas locales.<\/p>\n<p>El primer hecho ocurri\u00f3 alrededor de las 11:15 hs del jueves en el supermercado de origen chino ubicado en calle Caseros y Litoral donde mientras un repartidor de la empresa Sigismundi que se encontraba dentro del comercio, una pareja de delincuentes que circulaba en una motocicleta Dax se<br \/>\npercata que la camioneta tipo trafic blanca se encontraba con las ventanillas y puertas abiertas. En ese momento los delincuentes llegan hasta la esquina y el var\u00f3n se viene caminando hasta el veh\u00edculo estacionado y en segundos arrebata el dinero de la recaudaci\u00f3n d\u00e1ndose a la fuga r\u00e1pidamente en la motocicleta.<br \/>\nSegun se pudo constatar se llevaron alrededor de 11 mil pesos en efectivo, y afortunadamente no hubo heridos y los delincuentes fueron captados por la c\u00e1maras de seguridad del supermercado.<\/p>\n<p>El segundo il\u00edcito ocurri\u00f3 minutos mas tarde alrededor de las 12:00 hs en la esquina de Cucit y Javier Rivero donde otro repartidor de otra empresa tambi\u00e9n habr\u00eda sido abordado, en este ocasi\u00f3n, por un solo delincuente que circulaba en motocicleta pero en esta ocasi\u00f3n portaba un arma de fuego.<\/p>\n<p><img decoding=\"async\" data-attachment-id=\"32568\" data-permalink=\"https:\/\/eldiariodesanpedro.com.ar\/sitio\/dos-camionetas-de-reparto-asaltadas-en-el-mediodia-de-hoy-video\/whatsapp-image-2018-05-03-at-18-00-11\/\" data-orig-file=\"https:\/\/eldiariodesanpedro.com.ar\/sitio\/wp-content\/uploads\/2018\/05\/WhatsApp-Image-2018-05-03-at-18.00.11.jpeg\" data-orig-size=\"637,358\" data-comments-opened=\"1\" data-image-meta=\"{&quot;aperture&quot;:&quot;0&quot;,&quot;credit&quot;:&quot;Picasa&quot;,&quot;camera&quot;:&quot;&quot;,&quot;caption&quot;:&quot;&quot;,&quot;created_timestamp&quot;:&quot;1525381267&quot;,&quot;copyright&quot;:&quot;&quot;,&quot;focal_length&quot;:&quot;0&quot;,&quot;iso&quot;:&quot;0&quot;,&quot;shutter_speed&quot;:&quot;0&quot;,&quot;title&quot;:&quot;&quot;,&quot;orientation&quot;:&quot;0&quot;}\" data-image-title=\"WhatsApp Image 2018-05-03 at 18.00.11\" data-image-description=\"\" data-image-caption=\"\" data-large-file=\"https:\/\/eldiariodesanpedro.com.ar\/sitio\/wp-content\/uploads\/2018\/05\/WhatsApp-Image-2018-05-03-at-18.00.11.jpeg\" class=\"size-full wp-image-32568 aligncenter lazyload\" data-src=\"https:\/\/eldiariodesanpedro.com.ar\/sitio\/wp-content\/uploads\/2018\/05\/WhatsApp-Image-2018-05-03-at-18.00.11.jpeg\" alt=\"\" width=\"637\" height=\"358\" data-srcset=\"https:\/\/eldiariodesanpedro.com.ar\/sitio\/wp-content\/uploads\/2018\/05\/WhatsApp-Image-2018-05-03-at-18.00.11.jpeg 637w, https:\/\/eldiariodesanpedro.com.ar\/sitio\/wp-content\/uploads\/2018\/05\/WhatsApp-Image-2018-05-03-at-18.00.11-300x169.jpeg 300w\" data-sizes=\"(max-width: 637px) 100vw, 637px\" src=\"data:image\/svg+xml;base64,PHN2ZyB3aWR0aD0iMSIgaGVpZ2h0PSIxIiB4bWxucz0iaHR0cDovL3d3dy53My5vcmcvMjAwMC9zdmciPjwvc3ZnPg==\" style=\"--smush-placeholder-width: 637px; --smush-placeholder-aspect-ratio: 637\/358;\" \/><\/p>\n<div class=\"fb-video\" data-allowfullscreen=\"true\" data-href=\"https:\/\/www.facebook.com\/eldiario.desanpedro\/videos\/763455323863609\/\" style=\"background-color: #fff; display: inline-block;\"><\/div>\n","protected":false},"excerpt":{"rendered":"<p>Dos hechos delictivos ocurrieron este jueves que tuvieron como v\u00edctimas camiones de reparto de mercader\u00eda de empresas locales. El primer hecho ocurri\u00f3 alrededor de las 11:15 hs del jueves en el supermercado de origen chino ubicado en calle Caseros y Litoral donde mientras un repartidor de la empresa Sigismundi que se encontraba dentro del comercio, [&hellip;]<\/p>\n","protected":false},"author":4,"featured_media":32567,"comment_status":"open","ping_status":"closed","sticky":false,"template":"","format":"standard","meta":{"om_disable_all_campaigns":false,"_jetpack_memberships_contains_paid_content":false,"footnotes":""},"categories":[2,103],"tags":[],"class_list":["post-32566","post","type-post","status-publish","format-standard","has-post-thumbnail","hentry","category-locales","category-policiales-locales"],"aioseo_notices":[],"gutentor_comment":0,"jetpack_featured_media_url":"https:\/\/eldiariodesanpedro.com.ar\/sitio\/wp-content\/uploads\/2018\/05\/WhatsApp-Image-2018-05-03-at-18.00.111.jpeg","jetpack_shortlink":"https:\/\/wp.me\/p6RhLt-8tg","jetpack_sharing_enabled":true,"_links":{"self":[{"href":"https:\/\/eldiariodesanpedro.com.ar\/sitio\/wp-json\/wp\/v2\/posts\/32566","targetHints":{"allow":["GET"]}}],"collection":[{"href":"https:\/\/eldiariodesanpedro.com.ar\/sitio\/wp-json\/wp\/v2\/posts"}],"about":[{"href":"https:\/\/eldiariodesanpedro.com.ar\/sitio\/wp-json\/wp\/v2\/types\/post"}],"author":[{"embeddable":true,"href":"https:\/\/eldiariodesanpedro.com.ar\/sitio\/wp-json\/wp\/v2\/users\/4"}],"replies":[{"embeddable":true,"href":"https:\/\/eldiariodesanpedro.com.ar\/sitio\/wp-json\/wp\/v2\/comments?post=32566"}],"version-history":[{"count":3,"href":"https:\/\/eldiariodesanpedro.com.ar\/sitio\/wp-json\/wp\/v2\/posts\/32566\/revisions"}],"predecessor-version":[{"id":32571,"href":"https:\/\/eldiariodesanpedro.com.ar\/sitio\/wp-json\/wp\/v2\/posts\/32566\/revisions\/32571"}],"wp:featuredmedia":[{"embeddable":true,"href":"https:\/\/eldiariodesanpedro.com.ar\/sitio\/wp-json\/wp\/v2\/media\/32567"}],"wp:attachment":[{"href":"https:\/\/eldiariodesanpedro.com.ar\/sitio\/wp-json\/wp\/v2\/media?parent=32566"}],"wp:term":[{"taxonomy":"category","embeddable":true,"href":"https:\/\/eldiariodesanpedro.com.ar\/sitio\/wp-json\/wp\/v2\/categories?post=32566"},{"taxonomy":"post_tag","embeddable":true,"href":"https:\/\/eldiariodesanpedro.com.ar\/sitio\/wp-json\/wp\/v2\/tags?post=32566"}],"curies":[{"name":"wp","href":"https:\/\/api.w.org\/{rel}","templated":true}]}}