{"id":32563,"date":"2018-05-03T10:43:37","date_gmt":"2018-05-03T13:43:37","guid":{"rendered":"https:\/\/eldiariodesanpedro.com.ar\/sitio\/?p=32563"},"modified":"2018-05-03T10:43:37","modified_gmt":"2018-05-03T13:43:37","slug":"programa-plan-mas-vida-habilitado-para-su-uso-en-comercios","status":"publish","type":"post","link":"https:\/\/eldiariodesanpedro.com.ar\/sitio\/programa-plan-mas-vida-habilitado-para-su-uso-en-comercios\/","title":{"rendered":"Programa \u201cPlan M\u00e1s Vida\u201d habilitado para su uso en comercios"},"content":{"rendered":"<p><!-- VideographyWP Plugin Message: Automatic video embedding prevented by plugin options. --><br \/>\nLa Secretar\u00eda de Desarrollo Humano informa que se encuentran habilitadas para su uso en los comercios las tarjetas del programa \u201cPlan M\u00e1s Vida\u201d.<\/p>\n<p>Este programa es fundamental para que madres, beb\u00e9s y ni\u00f1os puedan acceder a alimentos que fortalezcan su nutrici\u00f3n y una buena alimentaci\u00f3n para su desarrollo.<\/p>\n<p>A los beneficiarios se les otorga una tarjeta de d\u00e9bito emitida por el Banco de la Provincia de Buenos Aires, con un fondo mensual para garantizar la provisi\u00f3n de alimentos. La implementaci\u00f3n es en conjunto con los municipios, y la red de trabajadoras vecinales.<\/p>\n","protected":false},"excerpt":{"rendered":"<p>La Secretar\u00eda de Desarrollo Humano informa que se encuentran habilitadas para su uso en los comercios las tarjetas del programa \u201cPlan M\u00e1s Vida\u201d. Este programa es fundamental para que madres, beb\u00e9s y ni\u00f1os puedan acceder a alimentos que fortalezcan su nutrici\u00f3n y una buena alimentaci\u00f3n para su desarrollo. A los beneficiarios se les otorga una [&hellip;]<\/p>\n","protected":false},"author":4,"featured_media":32564,"comment_status":"open","ping_status":"closed","sticky":false,"template":"","format":"standard","meta":{"om_disable_all_campaigns":false,"_jetpack_memberships_contains_paid_content":false,"footnotes":""},"categories":[101,2],"tags":[],"class_list":["post-32563","post","type-post","status-publish","format-standard","has-post-thumbnail","hentry","category-interes-general-locales","category-locales"],"aioseo_notices":[],"gutentor_comment":0,"jetpack_featured_media_url":"https:\/\/eldiariodesanpedro.com.ar\/sitio\/wp-content\/uploads\/2018\/05\/pastedImage-1.png","jetpack_shortlink":"https:\/\/wp.me\/p6RhLt-8td","jetpack_sharing_enabled":true,"_links":{"self":[{"href":"https:\/\/eldiariodesanpedro.com.ar\/sitio\/wp-json\/wp\/v2\/posts\/32563","targetHints":{"allow":["GET"]}}],"collection":[{"href":"https:\/\/eldiariodesanpedro.com.ar\/sitio\/wp-json\/wp\/v2\/posts"}],"about":[{"href":"https:\/\/eldiariodesanpedro.com.ar\/sitio\/wp-json\/wp\/v2\/types\/post"}],"author":[{"embeddable":true,"href":"https:\/\/eldiariodesanpedro.com.ar\/sitio\/wp-json\/wp\/v2\/users\/4"}],"replies":[{"embeddable":true,"href":"https:\/\/eldiariodesanpedro.com.ar\/sitio\/wp-json\/wp\/v2\/comments?post=32563"}],"version-history":[{"count":1,"href":"https:\/\/eldiariodesanpedro.com.ar\/sitio\/wp-json\/wp\/v2\/posts\/32563\/revisions"}],"predecessor-version":[{"id":32565,"href":"https:\/\/eldiariodesanpedro.com.ar\/sitio\/wp-json\/wp\/v2\/posts\/32563\/revisions\/32565"}],"wp:featuredmedia":[{"embeddable":true,"href":"https:\/\/eldiariodesanpedro.com.ar\/sitio\/wp-json\/wp\/v2\/media\/32564"}],"wp:attachment":[{"href":"https:\/\/eldiariodesanpedro.com.ar\/sitio\/wp-json\/wp\/v2\/media?parent=32563"}],"wp:term":[{"taxonomy":"category","embeddable":true,"href":"https:\/\/eldiariodesanpedro.com.ar\/sitio\/wp-json\/wp\/v2\/categories?post=32563"},{"taxonomy":"post_tag","embeddable":true,"href":"https:\/\/eldiariodesanpedro.com.ar\/sitio\/wp-json\/wp\/v2\/tags?post=32563"}],"curies":[{"name":"wp","href":"https:\/\/api.w.org\/{rel}","templated":true}]}}