{"id":32559,"date":"2018-05-03T10:14:24","date_gmt":"2018-05-03T13:14:24","guid":{"rendered":"https:\/\/eldiariodesanpedro.com.ar\/sitio\/?p=32559"},"modified":"2018-05-03T10:14:24","modified_gmt":"2018-05-03T13:14:24","slug":"un-hombre-alcoholizado-reducido-por-resistirse-a-la-autoridad","status":"publish","type":"post","link":"https:\/\/eldiariodesanpedro.com.ar\/sitio\/un-hombre-alcoholizado-reducido-por-resistirse-a-la-autoridad\/","title":{"rendered":"Un hombre alcoholizado reducido por resistirse a la autoridad"},"content":{"rendered":"<p><!-- VideographyWP Plugin Message: Automatic video embedding prevented by plugin options. --><br \/>\nEste jueves en horas de la tarde la polic\u00eda acude a un llamado al servicio de emergencias 911 hasta Thorne al 300 aproximadamente donde un masculino estar\u00eda tocando puertas de domicilios para tratar de ingresar en ellos. <\/p>\n<p>Al arribo proceden identificaci\u00f3n de masculino de 53 a\u00f1os quien se encontraba en aparente estado de ebriedad, por lo que trato de agredir al personal policial, se lo reduce y Traslado seccional policial, donde horas mas tarde fue puesto en libertad. <\/p>\n","protected":false},"excerpt":{"rendered":"<p>Este jueves en horas de la tarde la polic\u00eda acude a un llamado al servicio de emergencias 911 hasta Thorne al 300 aproximadamente donde un masculino estar\u00eda tocando puertas de domicilios para tratar de ingresar en ellos. Al arribo proceden identificaci\u00f3n de masculino de 53 a\u00f1os quien se encontraba en aparente estado de ebriedad, por [&hellip;]<\/p>\n","protected":false},"author":4,"featured_media":20446,"comment_status":"open","ping_status":"closed","sticky":false,"template":"","format":"standard","meta":{"om_disable_all_campaigns":false,"_jetpack_memberships_contains_paid_content":false,"footnotes":""},"categories":[2,103],"tags":[],"class_list":["post-32559","post","type-post","status-publish","format-standard","has-post-thumbnail","hentry","category-locales","category-policiales-locales"],"aioseo_notices":[],"gutentor_comment":0,"jetpack_featured_media_url":"https:\/\/eldiariodesanpedro.com.ar\/sitio\/wp-content\/uploads\/2017\/07\/detenido-3-1.jpg","jetpack_shortlink":"https:\/\/wp.me\/p6RhLt-8t9","jetpack_sharing_enabled":true,"_links":{"self":[{"href":"https:\/\/eldiariodesanpedro.com.ar\/sitio\/wp-json\/wp\/v2\/posts\/32559","targetHints":{"allow":["GET"]}}],"collection":[{"href":"https:\/\/eldiariodesanpedro.com.ar\/sitio\/wp-json\/wp\/v2\/posts"}],"about":[{"href":"https:\/\/eldiariodesanpedro.com.ar\/sitio\/wp-json\/wp\/v2\/types\/post"}],"author":[{"embeddable":true,"href":"https:\/\/eldiariodesanpedro.com.ar\/sitio\/wp-json\/wp\/v2\/users\/4"}],"replies":[{"embeddable":true,"href":"https:\/\/eldiariodesanpedro.com.ar\/sitio\/wp-json\/wp\/v2\/comments?post=32559"}],"version-history":[{"count":1,"href":"https:\/\/eldiariodesanpedro.com.ar\/sitio\/wp-json\/wp\/v2\/posts\/32559\/revisions"}],"predecessor-version":[{"id":32560,"href":"https:\/\/eldiariodesanpedro.com.ar\/sitio\/wp-json\/wp\/v2\/posts\/32559\/revisions\/32560"}],"wp:featuredmedia":[{"embeddable":true,"href":"https:\/\/eldiariodesanpedro.com.ar\/sitio\/wp-json\/wp\/v2\/media\/20446"}],"wp:attachment":[{"href":"https:\/\/eldiariodesanpedro.com.ar\/sitio\/wp-json\/wp\/v2\/media?parent=32559"}],"wp:term":[{"taxonomy":"category","embeddable":true,"href":"https:\/\/eldiariodesanpedro.com.ar\/sitio\/wp-json\/wp\/v2\/categories?post=32559"},{"taxonomy":"post_tag","embeddable":true,"href":"https:\/\/eldiariodesanpedro.com.ar\/sitio\/wp-json\/wp\/v2\/tags?post=32559"}],"curies":[{"name":"wp","href":"https:\/\/api.w.org\/{rel}","templated":true}]}}