{"id":32557,"date":"2018-05-03T10:09:14","date_gmt":"2018-05-03T13:09:14","guid":{"rendered":"https:\/\/eldiariodesanpedro.com.ar\/sitio\/?p=32557"},"modified":"2018-05-03T10:09:14","modified_gmt":"2018-05-03T13:09:14","slug":"una-madre-preocupada-por-su-hija-realizo-una-denuncia","status":"publish","type":"post","link":"https:\/\/eldiariodesanpedro.com.ar\/sitio\/una-madre-preocupada-por-su-hija-realizo-una-denuncia\/","title":{"rendered":"Una madre preocupada por su hija realiz\u00f3 una denuncia"},"content":{"rendered":"<p><!-- VideographyWP Plugin Message: Automatic video embedding prevented by plugin options. --><br \/>\nEste mi\u00e9rcoles se recibi\u00f3 una denuncia en la comisaria local de nuestra ciudad donde una madre de una joven quien se fue a vivir con su pareja en otra localidad.<\/p>\n<p>La mujer de 43 a\u00f1os denunci\u00f3 que desde el d\u00eda 12 de abril que su hija de 21 a\u00f1os de edad se fue a vivir con su pareja a la localidad de Campana en el Barrio San Cayetano no volvi\u00f3 a saber de ella, envi\u00e1ndole mensajes y llamadas sin recibir respuesta.<\/p>\n","protected":false},"excerpt":{"rendered":"<p>Este mi\u00e9rcoles se recibi\u00f3 una denuncia en la comisaria local de nuestra ciudad donde una madre de una joven quien se fue a vivir con su pareja en otra localidad. La mujer de 43 a\u00f1os denunci\u00f3 que desde el d\u00eda 12 de abril que su hija de 21 a\u00f1os de edad se fue a vivir [&hellip;]<\/p>\n","protected":false},"author":4,"featured_media":16989,"comment_status":"open","ping_status":"closed","sticky":false,"template":"","format":"standard","meta":{"om_disable_all_campaigns":false,"_jetpack_memberships_contains_paid_content":false,"footnotes":""},"categories":[2,103],"tags":[],"class_list":["post-32557","post","type-post","status-publish","format-standard","has-post-thumbnail","hentry","category-locales","category-policiales-locales"],"aioseo_notices":[],"gutentor_comment":0,"jetpack_featured_media_url":"https:\/\/eldiariodesanpedro.com.ar\/sitio\/wp-content\/uploads\/2017\/04\/DSC_0221-e1492514769862.jpg","jetpack_shortlink":"https:\/\/wp.me\/p6RhLt-8t7","jetpack_sharing_enabled":true,"_links":{"self":[{"href":"https:\/\/eldiariodesanpedro.com.ar\/sitio\/wp-json\/wp\/v2\/posts\/32557","targetHints":{"allow":["GET"]}}],"collection":[{"href":"https:\/\/eldiariodesanpedro.com.ar\/sitio\/wp-json\/wp\/v2\/posts"}],"about":[{"href":"https:\/\/eldiariodesanpedro.com.ar\/sitio\/wp-json\/wp\/v2\/types\/post"}],"author":[{"embeddable":true,"href":"https:\/\/eldiariodesanpedro.com.ar\/sitio\/wp-json\/wp\/v2\/users\/4"}],"replies":[{"embeddable":true,"href":"https:\/\/eldiariodesanpedro.com.ar\/sitio\/wp-json\/wp\/v2\/comments?post=32557"}],"version-history":[{"count":1,"href":"https:\/\/eldiariodesanpedro.com.ar\/sitio\/wp-json\/wp\/v2\/posts\/32557\/revisions"}],"predecessor-version":[{"id":32558,"href":"https:\/\/eldiariodesanpedro.com.ar\/sitio\/wp-json\/wp\/v2\/posts\/32557\/revisions\/32558"}],"wp:featuredmedia":[{"embeddable":true,"href":"https:\/\/eldiariodesanpedro.com.ar\/sitio\/wp-json\/wp\/v2\/media\/16989"}],"wp:attachment":[{"href":"https:\/\/eldiariodesanpedro.com.ar\/sitio\/wp-json\/wp\/v2\/media?parent=32557"}],"wp:term":[{"taxonomy":"category","embeddable":true,"href":"https:\/\/eldiariodesanpedro.com.ar\/sitio\/wp-json\/wp\/v2\/categories?post=32557"},{"taxonomy":"post_tag","embeddable":true,"href":"https:\/\/eldiariodesanpedro.com.ar\/sitio\/wp-json\/wp\/v2\/tags?post=32557"}],"curies":[{"name":"wp","href":"https:\/\/api.w.org\/{rel}","templated":true}]}}