{"id":32553,"date":"2018-05-02T21:12:08","date_gmt":"2018-05-03T00:12:08","guid":{"rendered":"https:\/\/eldiariodesanpedro.com.ar\/sitio\/?p=32553"},"modified":"2018-05-02T21:12:08","modified_gmt":"2018-05-03T00:12:08","slug":"el-gabinete-se-reunio-hoy-por-la-manana-con-el-director-de-emergencias-del-ministerio-de-desarrollo-social-de-la-provincia","status":"publish","type":"post","link":"https:\/\/eldiariodesanpedro.com.ar\/sitio\/el-gabinete-se-reunio-hoy-por-la-manana-con-el-director-de-emergencias-del-ministerio-de-desarrollo-social-de-la-provincia\/","title":{"rendered":"El Gabinete se reuni\u00f3 hoy por la ma\u00f1ana con el Director de Emergencias del Ministerio de Desarrollo Social de la Provincia"},"content":{"rendered":"<p><!-- VideographyWP Plugin Message: Automatic video embedding prevented by plugin options. --><br \/>\nEl Director de Emergencias del Ministerio de Desarrollo Social de la Provincia de Buenos Aires Fernando Bones, visit\u00f3 la ciudad de San Pedro en el d\u00eda de hoy y se reuni\u00f3 con el Intendente Interino Juan Garavaglia, el Secretario de Gobierno Silvio Corti, el Coordinador de Desarrollo Social de San Pedro Jos\u00e9 Luis Franchini, el Secretario de Obras P\u00fablicas Ariel \u00c1lvarez, el Secretario de Seguridad Eduardo Roleri, el Coordinador Policial Juan Carlos Ag\u00fcero y el Concejal Gerardo Pelletier.<\/p>\n<p>En la reuni\u00f3n el funcionario trat\u00f3 junto al gabinete la situaci\u00f3n de emergencia de la ciudad producto  al temporal y evaluaron en conjunto los mecanismos de asistencia que se realizan desde el municipio.<br \/>\nAnte los pron\u00f3sticos que anticipan la continuidad de condiciones similares, el municipio solicit\u00f3 a la Provincia de Buenos Aires asistencia en mercader\u00eda para hacer frente a la demanda que se ir\u00e1 incrementando con el correr de los d\u00edas.<\/p>\n<p>Se recuerda que el municipio asiste de manera directa a los damnificados, con la evaluaci\u00f3n correspondiente en cada caso y que que bajo ninguna circunstancia se realizan convocatorias generalizadas para hacer entrega de ayuda social.<\/p>\n","protected":false},"excerpt":{"rendered":"<p>El Director de Emergencias del Ministerio de Desarrollo Social de la Provincia de Buenos Aires Fernando Bones, visit\u00f3 la ciudad de San Pedro en el d\u00eda de hoy y se reuni\u00f3 con el Intendente Interino Juan Garavaglia, el Secretario de Gobierno Silvio Corti, el Coordinador de Desarrollo Social de San Pedro Jos\u00e9 Luis Franchini, el [&hellip;]<\/p>\n","protected":false},"author":4,"featured_media":32554,"comment_status":"open","ping_status":"closed","sticky":false,"template":"","format":"standard","meta":{"om_disable_all_campaigns":false,"_jetpack_memberships_contains_paid_content":false,"footnotes":""},"categories":[101,2],"tags":[],"class_list":["post-32553","post","type-post","status-publish","format-standard","has-post-thumbnail","hentry","category-interes-general-locales","category-locales"],"aioseo_notices":[],"gutentor_comment":0,"jetpack_featured_media_url":"https:\/\/eldiariodesanpedro.com.ar\/sitio\/wp-content\/uploads\/2018\/05\/pastedImage.png","jetpack_shortlink":"https:\/\/wp.me\/p6RhLt-8t3","jetpack_sharing_enabled":true,"_links":{"self":[{"href":"https:\/\/eldiariodesanpedro.com.ar\/sitio\/wp-json\/wp\/v2\/posts\/32553","targetHints":{"allow":["GET"]}}],"collection":[{"href":"https:\/\/eldiariodesanpedro.com.ar\/sitio\/wp-json\/wp\/v2\/posts"}],"about":[{"href":"https:\/\/eldiariodesanpedro.com.ar\/sitio\/wp-json\/wp\/v2\/types\/post"}],"author":[{"embeddable":true,"href":"https:\/\/eldiariodesanpedro.com.ar\/sitio\/wp-json\/wp\/v2\/users\/4"}],"replies":[{"embeddable":true,"href":"https:\/\/eldiariodesanpedro.com.ar\/sitio\/wp-json\/wp\/v2\/comments?post=32553"}],"version-history":[{"count":1,"href":"https:\/\/eldiariodesanpedro.com.ar\/sitio\/wp-json\/wp\/v2\/posts\/32553\/revisions"}],"predecessor-version":[{"id":32556,"href":"https:\/\/eldiariodesanpedro.com.ar\/sitio\/wp-json\/wp\/v2\/posts\/32553\/revisions\/32556"}],"wp:featuredmedia":[{"embeddable":true,"href":"https:\/\/eldiariodesanpedro.com.ar\/sitio\/wp-json\/wp\/v2\/media\/32554"}],"wp:attachment":[{"href":"https:\/\/eldiariodesanpedro.com.ar\/sitio\/wp-json\/wp\/v2\/media?parent=32553"}],"wp:term":[{"taxonomy":"category","embeddable":true,"href":"https:\/\/eldiariodesanpedro.com.ar\/sitio\/wp-json\/wp\/v2\/categories?post=32553"},{"taxonomy":"post_tag","embeddable":true,"href":"https:\/\/eldiariodesanpedro.com.ar\/sitio\/wp-json\/wp\/v2\/tags?post=32553"}],"curies":[{"name":"wp","href":"https:\/\/api.w.org\/{rel}","templated":true}]}}