{"id":32546,"date":"2018-05-02T20:42:38","date_gmt":"2018-05-02T23:42:38","guid":{"rendered":"https:\/\/eldiariodesanpedro.com.ar\/sitio\/?p=32546"},"modified":"2026-01-24T00:16:22","modified_gmt":"2026-01-24T03:16:22","slug":"automovilismo-junior-solmi-culmino-15to-en-la-plata","status":"publish","type":"post","link":"https:\/\/eldiariodesanpedro.com.ar\/sitio\/automovilismo-junior-solmi-culmino-15to-en-la-plata\/","title":{"rendered":"AUTOMOVILISMO: Junior Solmi culmin\u00f3 15to en La Plata"},"content":{"rendered":"<p><!-- VideographyWP Plugin Message: Automatic video embedding prevented by plugin options. --><br \/>\n  Lucas Granja, el piloto de Ford del Quilmes Plas Racing, aprovech\u00f3 un error de Carabajal y gan\u00f3 la final del TC Pista Mouras. El entrerriano Hern\u00e1ndez (Mart\u00ednez Competici\u00f3n) y el experimentado Diego Mart\u00ednez (JP Carrera) completaron el podio, respectivamente. Junior Solmi, pudo llegar en condiciones de pista muy mala viniendo desde atr\u00e1s, en la decimoquinta posici\u00f3n, ubic\u00e1ndose en el campeonato en el puesto 14\u00b0.<\/p>\n<p>  En la primera vuelta, el Ford de Nicol\u00e1s Mor\u00e1n y la Dodge de Ramiro Granara se despistaron con una condici\u00f3n de pista h\u00fameda y generaron el ingreso del auto de seguridad. En el relanzamiento, en la tercera vuelta, termin\u00f3 fuera de la cinta asf\u00e1ltica el Ford de Sebasti\u00e1n Salse y no le dieron respiro al pace car, que volvi\u00f3 a entrar en el circuito.<\/p>\n<p>  Antes de abrir la sexta vuelta, cuando se iba a relanzar, Lucas Carabajal, el chaque\u00f1o del equipo de Claudio Bisceglia, entr\u00f3 en trompo y perdi\u00f3 el liderazgo de la carrera en manos de Lucas Granja.<\/p>\n<p>  Esa incidencia le permiti\u00f3 a Francisco Hern\u00e1ndez, el entrerriano de la estructura del Gur\u00ed Mart\u00ednez, situarse como nuevo segundo y a Jos\u00e9 Rasuk, el pergaminense de Las Toscas Racing, aparecer como nuevo tercero.<\/p>\n<p>  En un intento por transformarse en el nuevo escolta, Rasuk exigi\u00f3 una maniobra por dem\u00e1s y termin\u00f3 fuera de la pista desperdiciando la buena cosecha de puntos que ten\u00eda hasta el momento. Diego Mart\u00ednez, el experimentado piloto del JP Carrera, hered\u00f3 el tercer lugar.<\/p>\n<p>  La pr\u00f3xima fecha de la Asociaci\u00f3n Corredores de Turismo de Carretera (ACTC) ser\u00e1 el 20 de mayo en Toay, La Pampa. All\u00ed, adem\u00e1s de Solmi, estar\u00e1 Fernando \u201cMorro\u201d Iglesias con nueva maquina, seg\u00fan trascendi\u00f3.<\/p>\n<p>Clasificaci\u00f3n final:<br \/>\n<img decoding=\"async\" data-attachment-id=\"32549\" data-permalink=\"https:\/\/eldiariodesanpedro.com.ar\/sitio\/automovilismo-junior-solmi-culmino-15to-en-la-plata\/info-02-05-clasificacion-final\/\" data-orig-file=\"https:\/\/eldiariodesanpedro.com.ar\/sitio\/wp-content\/uploads\/2018\/05\/info-02-05-clasificacion-final.jpg\" data-orig-size=\"648,494\" data-comments-opened=\"1\" data-image-meta=\"{&quot;aperture&quot;:&quot;0&quot;,&quot;credit&quot;:&quot;Fernando Bettendorff&quot;,&quot;camera&quot;:&quot;&quot;,&quot;caption&quot;:&quot;&quot;,&quot;created_timestamp&quot;:&quot;1525200467&quot;,&quot;copyright&quot;:&quot;&quot;,&quot;focal_length&quot;:&quot;0&quot;,&quot;iso&quot;:&quot;0&quot;,&quot;shutter_speed&quot;:&quot;0&quot;,&quot;title&quot;:&quot;&quot;,&quot;orientation&quot;:&quot;0&quot;}\" data-image-title=\"info 02-05 clasificacion final\" data-image-description=\"\" data-image-caption=\"\" data-large-file=\"https:\/\/eldiariodesanpedro.com.ar\/sitio\/wp-content\/uploads\/2018\/05\/info-02-05-clasificacion-final.jpg\" data-src=\"https:\/\/eldiariodesanpedro.com.ar\/sitio\/wp-content\/uploads\/2018\/05\/info-02-05-clasificacion-final.jpg\" alt=\"\" width=\"648\" height=\"494\" class=\"alignnone size-full wp-image-32549 lazyload\" data-srcset=\"https:\/\/eldiariodesanpedro.com.ar\/sitio\/wp-content\/uploads\/2018\/05\/info-02-05-clasificacion-final.jpg 648w, https:\/\/eldiariodesanpedro.com.ar\/sitio\/wp-content\/uploads\/2018\/05\/info-02-05-clasificacion-final-300x229.jpg 300w\" data-sizes=\"(max-width: 648px) 100vw, 648px\" src=\"data:image\/svg+xml;base64,PHN2ZyB3aWR0aD0iMSIgaGVpZ2h0PSIxIiB4bWxucz0iaHR0cDovL3d3dy53My5vcmcvMjAwMC9zdmciPjwvc3ZnPg==\" style=\"--smush-placeholder-width: 648px; --smush-placeholder-aspect-ratio: 648\/494;\" \/><\/p>\n<p>Posiciones:<br \/>\n<img decoding=\"async\" data-attachment-id=\"32550\" data-permalink=\"https:\/\/eldiariodesanpedro.com.ar\/sitio\/automovilismo-junior-solmi-culmino-15to-en-la-plata\/info-02-05-posiciones\/\" data-orig-file=\"https:\/\/eldiariodesanpedro.com.ar\/sitio\/wp-content\/uploads\/2018\/05\/info-02-05-posiciones.jpg\" data-orig-size=\"648,506\" data-comments-opened=\"1\" data-image-meta=\"{&quot;aperture&quot;:&quot;0&quot;,&quot;credit&quot;:&quot;Fernando Bettendorff&quot;,&quot;camera&quot;:&quot;&quot;,&quot;caption&quot;:&quot;&quot;,&quot;created_timestamp&quot;:&quot;1525200493&quot;,&quot;copyright&quot;:&quot;&quot;,&quot;focal_length&quot;:&quot;0&quot;,&quot;iso&quot;:&quot;0&quot;,&quot;shutter_speed&quot;:&quot;0&quot;,&quot;title&quot;:&quot;&quot;,&quot;orientation&quot;:&quot;0&quot;}\" data-image-title=\"info 02-05 posiciones\" data-image-description=\"\" data-image-caption=\"\" data-large-file=\"https:\/\/eldiariodesanpedro.com.ar\/sitio\/wp-content\/uploads\/2018\/05\/info-02-05-posiciones.jpg\" data-src=\"https:\/\/eldiariodesanpedro.com.ar\/sitio\/wp-content\/uploads\/2018\/05\/info-02-05-posiciones.jpg\" alt=\"\" width=\"648\" height=\"506\" class=\"alignnone size-full wp-image-32550 lazyload\" data-srcset=\"https:\/\/eldiariodesanpedro.com.ar\/sitio\/wp-content\/uploads\/2018\/05\/info-02-05-posiciones.jpg 648w, https:\/\/eldiariodesanpedro.com.ar\/sitio\/wp-content\/uploads\/2018\/05\/info-02-05-posiciones-300x234.jpg 300w\" data-sizes=\"(max-width: 648px) 100vw, 648px\" src=\"data:image\/svg+xml;base64,PHN2ZyB3aWR0aD0iMSIgaGVpZ2h0PSIxIiB4bWxucz0iaHR0cDovL3d3dy53My5vcmcvMjAwMC9zdmciPjwvc3ZnPg==\" style=\"--smush-placeholder-width: 648px; --smush-placeholder-aspect-ratio: 648\/506;\" \/><\/p>\n","protected":false},"excerpt":{"rendered":"<p>Lucas Granja, el piloto de Ford del Quilmes Plas Racing, aprovech\u00f3 un error de Carabajal y gan\u00f3 la final del TC Pista Mouras. El entrerriano Hern\u00e1ndez (Mart\u00ednez Competici\u00f3n) y el experimentado Diego Mart\u00ednez (JP Carrera) completaron el podio, respectivamente. Junior Solmi, pudo llegar en condiciones de pista muy mala viniendo desde atr\u00e1s, en la decimoquinta [&hellip;]<\/p>\n","protected":false},"author":4,"featured_media":32548,"comment_status":"open","ping_status":"closed","sticky":false,"template":"","format":"standard","meta":{"om_disable_all_campaigns":false,"_jetpack_memberships_contains_paid_content":false,"footnotes":""},"categories":[5],"tags":[],"class_list":["post-32546","post","type-post","status-publish","format-standard","has-post-thumbnail","hentry","category-deportes"],"aioseo_notices":[],"gutentor_comment":0,"jetpack_featured_media_url":"https:\/\/eldiariodesanpedro.com.ar\/sitio\/wp-content\/uploads\/2018\/05\/junior-solmi.jpg","jetpack_shortlink":"https:\/\/wp.me\/p6RhLt-8sW","jetpack_sharing_enabled":true,"_links":{"self":[{"href":"https:\/\/eldiariodesanpedro.com.ar\/sitio\/wp-json\/wp\/v2\/posts\/32546","targetHints":{"allow":["GET"]}}],"collection":[{"href":"https:\/\/eldiariodesanpedro.com.ar\/sitio\/wp-json\/wp\/v2\/posts"}],"about":[{"href":"https:\/\/eldiariodesanpedro.com.ar\/sitio\/wp-json\/wp\/v2\/types\/post"}],"author":[{"embeddable":true,"href":"https:\/\/eldiariodesanpedro.com.ar\/sitio\/wp-json\/wp\/v2\/users\/4"}],"replies":[{"embeddable":true,"href":"https:\/\/eldiariodesanpedro.com.ar\/sitio\/wp-json\/wp\/v2\/comments?post=32546"}],"version-history":[{"count":1,"href":"https:\/\/eldiariodesanpedro.com.ar\/sitio\/wp-json\/wp\/v2\/posts\/32546\/revisions"}],"predecessor-version":[{"id":32551,"href":"https:\/\/eldiariodesanpedro.com.ar\/sitio\/wp-json\/wp\/v2\/posts\/32546\/revisions\/32551"}],"wp:featuredmedia":[{"embeddable":true,"href":"https:\/\/eldiariodesanpedro.com.ar\/sitio\/wp-json\/wp\/v2\/media\/32548"}],"wp:attachment":[{"href":"https:\/\/eldiariodesanpedro.com.ar\/sitio\/wp-json\/wp\/v2\/media?parent=32546"}],"wp:term":[{"taxonomy":"category","embeddable":true,"href":"https:\/\/eldiariodesanpedro.com.ar\/sitio\/wp-json\/wp\/v2\/categories?post=32546"},{"taxonomy":"post_tag","embeddable":true,"href":"https:\/\/eldiariodesanpedro.com.ar\/sitio\/wp-json\/wp\/v2\/tags?post=32546"}],"curies":[{"name":"wp","href":"https:\/\/api.w.org\/{rel}","templated":true}]}}