{"id":32545,"date":"2018-05-02T20:42:32","date_gmt":"2018-05-02T23:42:32","guid":{"rendered":"https:\/\/eldiariodesanpedro.com.ar\/sitio\/?p=32545"},"modified":"2026-01-24T00:16:23","modified_gmt":"2026-01-24T03:16:23","slug":"pablo-vlaeminck-es-el-nuevo-presidente-del-club-pescadores-su-lista-se-impuso-por-55-votos","status":"publish","type":"post","link":"https:\/\/eldiariodesanpedro.com.ar\/sitio\/pablo-vlaeminck-es-el-nuevo-presidente-del-club-pescadores-su-lista-se-impuso-por-55-votos\/","title":{"rendered":"Pablo Vlaeminck es el nuevo Presidente del Club Pescadores. Su lista se impuso por 55 votos"},"content":{"rendered":"<p><!-- VideographyWP Plugin Message: Automatic video embedding prevented by plugin options. --><br \/>\nSe desarroll\u00f3 el pasado s\u00e1bado la Asamblea General Ordinaria del Club Pescadores y N\u00e1utica de San Pedro con un masivo apoyo de los socios, quienes participaron activamente de la misma, intercambiando conceptos e ideas, los cuales aprobaron de manera un\u00e1nime la memoria y balance y dem\u00e1s puntos en la convocatoria, culminando con un cerrado aplauso.<\/p>\n<p>  Por terminaci\u00f3n de mandato y renuncias se renov\u00f3 la totalidad de miembros de Comisi\u00f3n Directiva, dos listas habilitadas y encabezadas por los Sres. Marcelo Guerrero y Pablo Vlaeminck. A las 20:30 hs. quedaron habilitadas dos mesas donde m\u00e1s de 400 socios fueron votando a sus candidatos hasta las 23 horas, momento en que cerraron los comicios y comenz\u00f3 el recuento de votos.  <\/p>\n<p>  Alrededor de las 00.55 horas, Jos\u00e9 Scattone, quien deja la titularidad luego de 7 a\u00f1os, dio a conocer el resultado final luego del recuento de votos y la Lista \u2018Azul y Blanca\u2019 por una diferencia de 55 votos ser\u00e1 quien rige los destinos del club Pescadores por los pr\u00f3ximos dos a\u00f1os. <\/p>\n<p>  Ante una alta participaci\u00f3n, en s\u00f3lo 150 minutos dejaron su voto 425 socios, quienes votaron por la Lista \u2018Azul y Blanca\u2019 que encabezaba Pablo Vlaeminck 240 votos y por la Lista \u2018Celeste\u2019 de Marcelo Guerrero 185 votos. <\/p>\n<p>  Cabe destacar que un alto n\u00famero de asociados particip\u00f3 de la Asamblea y luego se increment\u00f3 a la hora de la votaci\u00f3n.  <\/p>\n<p>\u201cCon humildad y dedicaci\u00f3n vamos a intentar hacer muchas mejoras\u201d<\/p>\n<p>  Muchas gracias a todos por los saludos, gracias a D\u00edos por sobre toda las cosas y mi maravillosa familia que siempre est\u00e1 para apoyarme. Somos un equipo de trabajo dispuesto a dar lo mejor que tenemos, con humildad y dedicaci\u00f3n vamos a intentar hacer muchas mejoras, espero que todos nos ayuden a hacer una buena gesti\u00f3n por el club y por los socios.<br \/>\n  El Club tiene que ser un lugar donde las familias pasen gran parte de sus mejores momentos de vida, donde los deportistas puedan sentirse respaldados y representados en lo que mejor hacen y les gusta hacer, donde la pesca y la n\u00e1utica no sean s\u00f3lo nombres que se ponen sino que formen parte de la historia y que tambi\u00e9n sean importantes.<br \/>\n  Quiz\u00e1s sea mucho pedir, quiz\u00e1s no se llegue a corto plazo, pero hay que dar el primer paso para lograrlo y con fe todo se logra.<br \/>\n  Gracias de nuevo a todos a los socios por haber venido a votar y a los que no pudieron tambi\u00e9n gracias espero que nos ayuden en esta nueva etapa.<br \/>\n  A vos que no sos socio, te invito a que te sumes \u00a1\u00a1\u00a1Ven\u00ed y s\u00e9 parte de este hermoso club!!!\u201d expres\u00f3 Pablo Vlaeminck luego del triunfo de su lista.<\/p>\n<p>  La nueva Comisi\u00f3n Directiva qued\u00f3 conformada de la siguiente manera:<\/p>\n<p>Presidente: Pablo Osvaldo Vlaeminck<br \/>\nVicepresidente: Myrian Eugenia Actis<br \/>\nSecretario: Daniel Z\u00e1rate<br \/>\nProsecretario: Jorge Piris<br \/>\nTesorero: Javier Arevalo<br \/>\nProtesorero: Victoria Gnecco<br \/>\nVocales Titulares:<br \/>\nHoracio Leiva<br \/>\nN\u00e9stor P\u00e9rez<br \/>\nGer\u00f3nimo Roquel<br \/>\nGustavo Salvatierra<br \/>\nVocales suplentes:<br \/>\nRam\u00f3n Medina<br \/>\nAlfredo Pereyra<br \/>\nWalter Pereyra<br \/>\nMart\u00edn Corbal\u00e1n<br \/>\nAnalia Sibilla<br \/>\nJavier B\u00e9<br \/>\nRev. Ctas titulares:<br \/>\nLuc\u00eda Analia Manzo<br \/>\nGisela Z\u00e1rate<br \/>\nM\u00f3nica Mallo<br \/>\nRev. Ctas suplentes:<br \/>\nGustavo Tettamanti<br \/>\nMayra Mart\u00ednez<\/p>\n","protected":false},"excerpt":{"rendered":"<p>Se desarroll\u00f3 el pasado s\u00e1bado la Asamblea General Ordinaria del Club Pescadores y N\u00e1utica de San Pedro con un masivo apoyo de los socios, quienes participaron activamente de la misma, intercambiando conceptos e ideas, los cuales aprobaron de manera un\u00e1nime la memoria y balance y dem\u00e1s puntos en la convocatoria, culminando con un cerrado aplauso. [&hellip;]<\/p>\n","protected":false},"author":4,"featured_media":32547,"comment_status":"open","ping_status":"closed","sticky":false,"template":"","format":"standard","meta":{"om_disable_all_campaigns":false,"_jetpack_memberships_contains_paid_content":false,"footnotes":""},"categories":[5],"tags":[],"class_list":["post-32545","post","type-post","status-publish","format-standard","has-post-thumbnail","hentry","category-deportes"],"aioseo_notices":[],"gutentor_comment":0,"jetpack_featured_media_url":"https:\/\/eldiariodesanpedro.com.ar\/sitio\/wp-content\/uploads\/2018\/05\/Parte-de-los-integrantes-de-la-lista-ganadora-y-familiares.jpg","jetpack_shortlink":"https:\/\/wp.me\/p6RhLt-8sV","jetpack_sharing_enabled":true,"_links":{"self":[{"href":"https:\/\/eldiariodesanpedro.com.ar\/sitio\/wp-json\/wp\/v2\/posts\/32545","targetHints":{"allow":["GET"]}}],"collection":[{"href":"https:\/\/eldiariodesanpedro.com.ar\/sitio\/wp-json\/wp\/v2\/posts"}],"about":[{"href":"https:\/\/eldiariodesanpedro.com.ar\/sitio\/wp-json\/wp\/v2\/types\/post"}],"author":[{"embeddable":true,"href":"https:\/\/eldiariodesanpedro.com.ar\/sitio\/wp-json\/wp\/v2\/users\/4"}],"replies":[{"embeddable":true,"href":"https:\/\/eldiariodesanpedro.com.ar\/sitio\/wp-json\/wp\/v2\/comments?post=32545"}],"version-history":[{"count":1,"href":"https:\/\/eldiariodesanpedro.com.ar\/sitio\/wp-json\/wp\/v2\/posts\/32545\/revisions"}],"predecessor-version":[{"id":32552,"href":"https:\/\/eldiariodesanpedro.com.ar\/sitio\/wp-json\/wp\/v2\/posts\/32545\/revisions\/32552"}],"wp:featuredmedia":[{"embeddable":true,"href":"https:\/\/eldiariodesanpedro.com.ar\/sitio\/wp-json\/wp\/v2\/media\/32547"}],"wp:attachment":[{"href":"https:\/\/eldiariodesanpedro.com.ar\/sitio\/wp-json\/wp\/v2\/media?parent=32545"}],"wp:term":[{"taxonomy":"category","embeddable":true,"href":"https:\/\/eldiariodesanpedro.com.ar\/sitio\/wp-json\/wp\/v2\/categories?post=32545"},{"taxonomy":"post_tag","embeddable":true,"href":"https:\/\/eldiariodesanpedro.com.ar\/sitio\/wp-json\/wp\/v2\/tags?post=32545"}],"curies":[{"name":"wp","href":"https:\/\/api.w.org\/{rel}","templated":true}]}}