{"id":32541,"date":"2018-05-02T20:38:00","date_gmt":"2018-05-02T23:38:00","guid":{"rendered":"https:\/\/eldiariodesanpedro.com.ar\/sitio\/?p=32541"},"modified":"2018-05-02T20:38:00","modified_gmt":"2018-05-02T23:38:00","slug":"san-nicolas-un-joven-murio-y-un-policia-herido-de-gravedad-tras-recibir-balazos-en-la-cabeza","status":"publish","type":"post","link":"https:\/\/eldiariodesanpedro.com.ar\/sitio\/san-nicolas-un-joven-murio-y-un-policia-herido-de-gravedad-tras-recibir-balazos-en-la-cabeza\/","title":{"rendered":"SAN NICOL\u00c1S: Un joven muri\u00f3 y un polic\u00eda herido de gravedad tras recibir balazos en la cabeza"},"content":{"rendered":"<p><!-- VideographyWP Plugin Message: Automatic video embedding prevented by plugin options. --><br \/>\nUna serie de hechos violentos ocurridos en la noche del martes y en la madrugada del mi\u00e9rcoles en Barrio Las Mellizas, termin\u00f3 con un joven de 27 a\u00f1os fallecido y un polic\u00eda en grave estado. Ambos recibieron disparos en la cabeza.<\/p>\n<p>  En dos episodios que ocurrieron con tres horas de diferencia, un joven de 27 a\u00f1os result\u00f3 muerto y un polic\u00eda del grupo GAD de San Nicol\u00e1s est\u00e1 grave, ambos al recibir impactos de bala en la cabeza. El primero de los hechos tuvo lugar antes de la medianoche y se habr\u00eda tratado de una disputa que termin\u00f3 con un joven de 27 a\u00f1os, Javier Rivero, que falleci\u00f3 por impacto de bala en la cabeza. Este joven, en realidad, no tendr\u00eda que ver con la pelea entre bandas, sino que, fue v\u00edctima circunstancial de la disputa.<\/p>\n<p>  Ya en horas de la madrugada, el Oficial de Polic\u00eda Mauro Maldonado recibi\u00f3 otro impacto de bala en la cabeza, encontr\u00e1ndose en grave estado en el Hospital San Felipe. El oficial Maldonado, junto a otros polic\u00edas, fueron agredidos cuando se hicieron presentes en el lugar ante la pelea de bandas que se hab\u00eda desatado.<\/p>\n<p>  Dicen que \u201cpara all\u00e1\u201d se\u00f1alando haca el \u201cfondo\u201d del barrio, a cierta hora de la tarde \u201cno vayas\u201d porque comenzar\u00e1s a o\u00edr tiros y tal vez alguno te llegue. Eso dicen en Las Mellizas \u00bfExageraci\u00f3n? \u00bfMito urbano?<br \/>\n  Ayer, D\u00eda del Trabajador, pasadas las 20 hs. se produjo un \u2018nuevo\u2019 tiroteo en Barrio Las Mellizas, en calle Chopin, al fondo del barrio donde una persona result\u00f3 herida de arma de fuego en la cabeza. <\/p>\n<p>  La violencia no tiene fin. Sucedido el hecho, estando presente la ambulancia para el traslado del herido, los amigos y familiares de la v\u00edctima comenzaron a tirar piedras sobre los autos de la polic\u00eda que se repleg\u00f3 del lugar junto con la ambulancia para pedir refuerzos y comenzar las tareas investigativas. Pero no hab\u00eda sido la polic\u00eda\u2026 Una situaci\u00f3n sin lugar dudas muy dif\u00edcil que requiera de un trabajo que va m\u00e1s all\u00e1 de la intervenci\u00f3n policial ante el hecho puntal de violencia.<\/p>\n<p>Fuente: Diario El Norte<\/p>\n","protected":false},"excerpt":{"rendered":"<p>Una serie de hechos violentos ocurridos en la noche del martes y en la madrugada del mi\u00e9rcoles en Barrio Las Mellizas, termin\u00f3 con un joven de 27 a\u00f1os fallecido y un polic\u00eda en grave estado. Ambos recibieron disparos en la cabeza. En dos episodios que ocurrieron con tres horas de diferencia, un joven de 27 [&hellip;]<\/p>\n","protected":false},"author":4,"featured_media":32543,"comment_status":"open","ping_status":"closed","sticky":false,"template":"","format":"standard","meta":{"om_disable_all_campaigns":false,"_jetpack_memberships_contains_paid_content":false,"footnotes":""},"categories":[621],"tags":[],"class_list":["post-32541","post","type-post","status-publish","format-standard","has-post-thumbnail","hentry","category-regionales"],"aioseo_notices":[],"gutentor_comment":0,"jetpack_featured_media_url":"https:\/\/eldiariodesanpedro.com.ar\/sitio\/wp-content\/uploads\/2018\/05\/Hospital-San-Felipe.jpg","jetpack_shortlink":"https:\/\/wp.me\/p6RhLt-8sR","jetpack_sharing_enabled":true,"_links":{"self":[{"href":"https:\/\/eldiariodesanpedro.com.ar\/sitio\/wp-json\/wp\/v2\/posts\/32541","targetHints":{"allow":["GET"]}}],"collection":[{"href":"https:\/\/eldiariodesanpedro.com.ar\/sitio\/wp-json\/wp\/v2\/posts"}],"about":[{"href":"https:\/\/eldiariodesanpedro.com.ar\/sitio\/wp-json\/wp\/v2\/types\/post"}],"author":[{"embeddable":true,"href":"https:\/\/eldiariodesanpedro.com.ar\/sitio\/wp-json\/wp\/v2\/users\/4"}],"replies":[{"embeddable":true,"href":"https:\/\/eldiariodesanpedro.com.ar\/sitio\/wp-json\/wp\/v2\/comments?post=32541"}],"version-history":[{"count":1,"href":"https:\/\/eldiariodesanpedro.com.ar\/sitio\/wp-json\/wp\/v2\/posts\/32541\/revisions"}],"predecessor-version":[{"id":32544,"href":"https:\/\/eldiariodesanpedro.com.ar\/sitio\/wp-json\/wp\/v2\/posts\/32541\/revisions\/32544"}],"wp:featuredmedia":[{"embeddable":true,"href":"https:\/\/eldiariodesanpedro.com.ar\/sitio\/wp-json\/wp\/v2\/media\/32543"}],"wp:attachment":[{"href":"https:\/\/eldiariodesanpedro.com.ar\/sitio\/wp-json\/wp\/v2\/media?parent=32541"}],"wp:term":[{"taxonomy":"category","embeddable":true,"href":"https:\/\/eldiariodesanpedro.com.ar\/sitio\/wp-json\/wp\/v2\/categories?post=32541"},{"taxonomy":"post_tag","embeddable":true,"href":"https:\/\/eldiariodesanpedro.com.ar\/sitio\/wp-json\/wp\/v2\/tags?post=32541"}],"curies":[{"name":"wp","href":"https:\/\/api.w.org\/{rel}","templated":true}]}}