{"id":32538,"date":"2018-05-02T20:36:46","date_gmt":"2018-05-02T23:36:46","guid":{"rendered":"https:\/\/eldiariodesanpedro.com.ar\/sitio\/?p=32538"},"modified":"2018-05-02T20:36:46","modified_gmt":"2018-05-02T23:36:46","slug":"arrecifes-cuatro-nuevos-moviles-policiales","status":"publish","type":"post","link":"https:\/\/eldiariodesanpedro.com.ar\/sitio\/arrecifes-cuatro-nuevos-moviles-policiales\/","title":{"rendered":"ARRECIFES: Cuatro nuevos m\u00f3viles policiales"},"content":{"rendered":"<p><!-- VideographyWP Plugin Message: Automatic video embedding prevented by plugin options. --><br \/>\nEl Ministerio de Seguridad de la Provincia de Buenos Aires a cargo de Cristian Ritondo, hizo entrega a la ciudad de Arrecifes de 4 nuevos m\u00f3viles policiales, siendo una de las ciudades de la provincia m\u00e1s beneficiada en la cantidad de unidades recibidas.<\/p>\n<p>  Se trata de 2 camionetas Toyota Hilux y 2 autos VW Voyage. El lunes por la ma\u00f1ana, bajo el arco de la plaza Mitre, el Intendente, acompa\u00f1ado por el secretario de Seguridad, Dr. Jos\u00e9 Mar\u00eda Tenorio, entreg\u00f3 al comisario Carlos Ver\u00f3n las llaves de los 4 veh\u00edculos para ser afectados a la jefatura comunal de Arrecifes.<\/p>\n<p>  Como resultado de las permanentes gestiones realizadas por el actual gobierno municipal en materia de seguridad, Arrecifes lleva recibido un total de 15 veh\u00edculos<\/p>\n","protected":false},"excerpt":{"rendered":"<p>El Ministerio de Seguridad de la Provincia de Buenos Aires a cargo de Cristian Ritondo, hizo entrega a la ciudad de Arrecifes de 4 nuevos m\u00f3viles policiales, siendo una de las ciudades de la provincia m\u00e1s beneficiada en la cantidad de unidades recibidas. Se trata de 2 camionetas Toyota Hilux y 2 autos VW Voyage. [&hellip;]<\/p>\n","protected":false},"author":4,"featured_media":32540,"comment_status":"open","ping_status":"closed","sticky":false,"template":"","format":"standard","meta":{"om_disable_all_campaigns":false,"_jetpack_memberships_contains_paid_content":false,"footnotes":""},"categories":[621],"tags":[],"class_list":["post-32538","post","type-post","status-publish","format-standard","has-post-thumbnail","hentry","category-regionales"],"aioseo_notices":[],"gutentor_comment":0,"jetpack_featured_media_url":"https:\/\/eldiariodesanpedro.com.ar\/sitio\/wp-content\/uploads\/2018\/05\/Los-m\u00f3viles-entregados.jpeg","jetpack_shortlink":"https:\/\/wp.me\/p6RhLt-8sO","jetpack_sharing_enabled":true,"_links":{"self":[{"href":"https:\/\/eldiariodesanpedro.com.ar\/sitio\/wp-json\/wp\/v2\/posts\/32538","targetHints":{"allow":["GET"]}}],"collection":[{"href":"https:\/\/eldiariodesanpedro.com.ar\/sitio\/wp-json\/wp\/v2\/posts"}],"about":[{"href":"https:\/\/eldiariodesanpedro.com.ar\/sitio\/wp-json\/wp\/v2\/types\/post"}],"author":[{"embeddable":true,"href":"https:\/\/eldiariodesanpedro.com.ar\/sitio\/wp-json\/wp\/v2\/users\/4"}],"replies":[{"embeddable":true,"href":"https:\/\/eldiariodesanpedro.com.ar\/sitio\/wp-json\/wp\/v2\/comments?post=32538"}],"version-history":[{"count":1,"href":"https:\/\/eldiariodesanpedro.com.ar\/sitio\/wp-json\/wp\/v2\/posts\/32538\/revisions"}],"predecessor-version":[{"id":32542,"href":"https:\/\/eldiariodesanpedro.com.ar\/sitio\/wp-json\/wp\/v2\/posts\/32538\/revisions\/32542"}],"wp:featuredmedia":[{"embeddable":true,"href":"https:\/\/eldiariodesanpedro.com.ar\/sitio\/wp-json\/wp\/v2\/media\/32540"}],"wp:attachment":[{"href":"https:\/\/eldiariodesanpedro.com.ar\/sitio\/wp-json\/wp\/v2\/media?parent=32538"}],"wp:term":[{"taxonomy":"category","embeddable":true,"href":"https:\/\/eldiariodesanpedro.com.ar\/sitio\/wp-json\/wp\/v2\/categories?post=32538"},{"taxonomy":"post_tag","embeddable":true,"href":"https:\/\/eldiariodesanpedro.com.ar\/sitio\/wp-json\/wp\/v2\/tags?post=32538"}],"curies":[{"name":"wp","href":"https:\/\/api.w.org\/{rel}","templated":true}]}}