{"id":32536,"date":"2018-05-02T20:35:41","date_gmt":"2018-05-02T23:35:41","guid":{"rendered":"https:\/\/eldiariodesanpedro.com.ar\/sitio\/?p=32536"},"modified":"2018-05-02T20:35:41","modified_gmt":"2018-05-02T23:35:41","slug":"ramallo-dos-personas-fueron-echadas-del-senasa","status":"publish","type":"post","link":"https:\/\/eldiariodesanpedro.com.ar\/sitio\/ramallo-dos-personas-fueron-echadas-del-senasa\/","title":{"rendered":"RAMALLO: Dos personas fueron echadas del SENASA"},"content":{"rendered":"<p><!-- VideographyWP Plugin Message: Automatic video embedding prevented by plugin options. --><br \/>\nM\u00e1s de 200 trabajadores de todo el pa\u00eds fueron echados del Servicio Nacional de Sanidad y Calidad Agroalimentaria. Los vecinos Ezequiel Dom\u00ednguez y H\u00e9ctor Ost\u00e1n, recibieron los telegramas la semana pasada. La medida no tiene marcha atr\u00e1s y se cree que en los pr\u00f3ximos d\u00edas m\u00e1s gente podr\u00eda quedar en la calle.<\/p>\n<p>  Dos vecinos de Ramallo, Ezequiel Dom\u00ednguez y H\u00e9ctor Ost\u00e1n, que trabajaban en la oficina que el organismo tiene en nuestro Partido, fueron despedidos la semana pasada despu\u00e9s de 15 a\u00f1os de servicio.<\/p>\n<p>  Seg\u00fan el SENASA, en total fueron 213 los despidos que afectaron a trabajadoras y trabajadores que estaban afectados bajo la modalidad de lo que se denomina \u00abart\u00edculo 9\u00bb, un contrato que se renueva anualmente. Al ser contratados por el Estado, situaci\u00f3n que ser\u00eda irregular durante tantos a\u00f1os como los que llevaban Ost\u00e1n y Dom\u00ednguez, no les corresponde indemnizaci\u00f3n.<\/p>\n<p>  La semana pr\u00f3xima, autoridades regionales visitar\u00e1n la oficina que el organismo tiene en Ramallo y ah\u00ed se sabr\u00e1 si contin\u00faa abierta o se cierra.<\/p>\n<p>Fuente: Meta FM<\/p>\n","protected":false},"excerpt":{"rendered":"<p>M\u00e1s de 200 trabajadores de todo el pa\u00eds fueron echados del Servicio Nacional de Sanidad y Calidad Agroalimentaria. Los vecinos Ezequiel Dom\u00ednguez y H\u00e9ctor Ost\u00e1n, recibieron los telegramas la semana pasada. La medida no tiene marcha atr\u00e1s y se cree que en los pr\u00f3ximos d\u00edas m\u00e1s gente podr\u00eda quedar en la calle. Dos vecinos de [&hellip;]<\/p>\n","protected":false},"author":4,"featured_media":32537,"comment_status":"open","ping_status":"closed","sticky":false,"template":"","format":"standard","meta":{"om_disable_all_campaigns":false,"_jetpack_memberships_contains_paid_content":false,"footnotes":""},"categories":[621],"tags":[],"class_list":["post-32536","post","type-post","status-publish","format-standard","has-post-thumbnail","hentry","category-regionales"],"aioseo_notices":[],"gutentor_comment":0,"jetpack_featured_media_url":"https:\/\/eldiariodesanpedro.com.ar\/sitio\/wp-content\/uploads\/2018\/05\/senasa.jpg","jetpack_shortlink":"https:\/\/wp.me\/p6RhLt-8sM","jetpack_sharing_enabled":true,"_links":{"self":[{"href":"https:\/\/eldiariodesanpedro.com.ar\/sitio\/wp-json\/wp\/v2\/posts\/32536","targetHints":{"allow":["GET"]}}],"collection":[{"href":"https:\/\/eldiariodesanpedro.com.ar\/sitio\/wp-json\/wp\/v2\/posts"}],"about":[{"href":"https:\/\/eldiariodesanpedro.com.ar\/sitio\/wp-json\/wp\/v2\/types\/post"}],"author":[{"embeddable":true,"href":"https:\/\/eldiariodesanpedro.com.ar\/sitio\/wp-json\/wp\/v2\/users\/4"}],"replies":[{"embeddable":true,"href":"https:\/\/eldiariodesanpedro.com.ar\/sitio\/wp-json\/wp\/v2\/comments?post=32536"}],"version-history":[{"count":1,"href":"https:\/\/eldiariodesanpedro.com.ar\/sitio\/wp-json\/wp\/v2\/posts\/32536\/revisions"}],"predecessor-version":[{"id":32539,"href":"https:\/\/eldiariodesanpedro.com.ar\/sitio\/wp-json\/wp\/v2\/posts\/32536\/revisions\/32539"}],"wp:featuredmedia":[{"embeddable":true,"href":"https:\/\/eldiariodesanpedro.com.ar\/sitio\/wp-json\/wp\/v2\/media\/32537"}],"wp:attachment":[{"href":"https:\/\/eldiariodesanpedro.com.ar\/sitio\/wp-json\/wp\/v2\/media?parent=32536"}],"wp:term":[{"taxonomy":"category","embeddable":true,"href":"https:\/\/eldiariodesanpedro.com.ar\/sitio\/wp-json\/wp\/v2\/categories?post=32536"},{"taxonomy":"post_tag","embeddable":true,"href":"https:\/\/eldiariodesanpedro.com.ar\/sitio\/wp-json\/wp\/v2\/tags?post=32536"}],"curies":[{"name":"wp","href":"https:\/\/api.w.org\/{rel}","templated":true}]}}