{"id":32531,"date":"2018-05-02T20:33:18","date_gmt":"2018-05-02T23:33:18","guid":{"rendered":"https:\/\/eldiariodesanpedro.com.ar\/sitio\/?p=32531"},"modified":"2018-05-02T20:33:18","modified_gmt":"2018-05-02T23:33:18","slug":"baradero-no-se-podran-usar-mas-bolsas-camisetas-en-supermercados-despensas-carnicerias-y-panaderias-de-la-ciudad","status":"publish","type":"post","link":"https:\/\/eldiariodesanpedro.com.ar\/sitio\/baradero-no-se-podran-usar-mas-bolsas-camisetas-en-supermercados-despensas-carnicerias-y-panaderias-de-la-ciudad\/","title":{"rendered":"BARADERO: No se podr\u00e1n usar m\u00e1s bolsas camisetas en supermercados, despensas, carnicer\u00edas y panader\u00edas de la ciudad"},"content":{"rendered":"<p><!-- VideographyWP Plugin Message: Automatic video embedding prevented by plugin options. --><br \/>\n  La Direcci\u00f3n General de Gesti\u00f3n Ambiental del Municipio informa que, a partir del 1 de junio de 2018, por ordenanza municipal N\u00ba 5545, se proh\u00edbe el expendio de bolsas \u201ccamisetas\u201d desechables en supermercados, despensas, carnicer\u00edas y panader\u00edas de la ciudad.<\/p>\n<p>  Estamos convencidos que el uso de bolsas reciclables impactar\u00e1 positivamente en nuestra comunidad, mejorando considerablemente en su limpieza, siguiendo la premisa que el mejor residuo es aquel que no se genera.<\/p>\n<p>Fuente: Prensa y Comunicaci\u00f3n Baradero<\/p>\n","protected":false},"excerpt":{"rendered":"<p>La Direcci\u00f3n General de Gesti\u00f3n Ambiental del Municipio informa que, a partir del 1 de junio de 2018, por ordenanza municipal N\u00ba 5545, se proh\u00edbe el expendio de bolsas \u201ccamisetas\u201d desechables en supermercados, despensas, carnicer\u00edas y panader\u00edas de la ciudad. Estamos convencidos que el uso de bolsas reciclables impactar\u00e1 positivamente en nuestra comunidad, mejorando considerablemente [&hellip;]<\/p>\n","protected":false},"author":4,"featured_media":32534,"comment_status":"open","ping_status":"closed","sticky":false,"template":"","format":"standard","meta":{"om_disable_all_campaigns":false,"_jetpack_memberships_contains_paid_content":false,"footnotes":""},"categories":[621],"tags":[],"class_list":["post-32531","post","type-post","status-publish","format-standard","has-post-thumbnail","hentry","category-regionales"],"aioseo_notices":[],"gutentor_comment":0,"jetpack_featured_media_url":"https:\/\/eldiariodesanpedro.com.ar\/sitio\/wp-content\/uploads\/2018\/05\/bolsas-camisetas-blancas.jpg","jetpack_shortlink":"https:\/\/wp.me\/p6RhLt-8sH","jetpack_sharing_enabled":true,"_links":{"self":[{"href":"https:\/\/eldiariodesanpedro.com.ar\/sitio\/wp-json\/wp\/v2\/posts\/32531","targetHints":{"allow":["GET"]}}],"collection":[{"href":"https:\/\/eldiariodesanpedro.com.ar\/sitio\/wp-json\/wp\/v2\/posts"}],"about":[{"href":"https:\/\/eldiariodesanpedro.com.ar\/sitio\/wp-json\/wp\/v2\/types\/post"}],"author":[{"embeddable":true,"href":"https:\/\/eldiariodesanpedro.com.ar\/sitio\/wp-json\/wp\/v2\/users\/4"}],"replies":[{"embeddable":true,"href":"https:\/\/eldiariodesanpedro.com.ar\/sitio\/wp-json\/wp\/v2\/comments?post=32531"}],"version-history":[{"count":1,"href":"https:\/\/eldiariodesanpedro.com.ar\/sitio\/wp-json\/wp\/v2\/posts\/32531\/revisions"}],"predecessor-version":[{"id":32535,"href":"https:\/\/eldiariodesanpedro.com.ar\/sitio\/wp-json\/wp\/v2\/posts\/32531\/revisions\/32535"}],"wp:featuredmedia":[{"embeddable":true,"href":"https:\/\/eldiariodesanpedro.com.ar\/sitio\/wp-json\/wp\/v2\/media\/32534"}],"wp:attachment":[{"href":"https:\/\/eldiariodesanpedro.com.ar\/sitio\/wp-json\/wp\/v2\/media?parent=32531"}],"wp:term":[{"taxonomy":"category","embeddable":true,"href":"https:\/\/eldiariodesanpedro.com.ar\/sitio\/wp-json\/wp\/v2\/categories?post=32531"},{"taxonomy":"post_tag","embeddable":true,"href":"https:\/\/eldiariodesanpedro.com.ar\/sitio\/wp-json\/wp\/v2\/tags?post=32531"}],"curies":[{"name":"wp","href":"https:\/\/api.w.org\/{rel}","templated":true}]}}