{"id":32529,"date":"2018-05-02T20:31:47","date_gmt":"2018-05-02T23:31:47","guid":{"rendered":"https:\/\/eldiariodesanpedro.com.ar\/sitio\/?p=32529"},"modified":"2018-05-02T20:31:47","modified_gmt":"2018-05-02T23:31:47","slug":"baradero-la-lluvia-continuara-hasta-el-domingo-incluso-con-alertas-meteorologicas","status":"publish","type":"post","link":"https:\/\/eldiariodesanpedro.com.ar\/sitio\/baradero-la-lluvia-continuara-hasta-el-domingo-incluso-con-alertas-meteorologicas\/","title":{"rendered":"BARADERO: La lluvia continuar\u00e1 hasta el domingo incluso con alertas meteorol\u00f3gicas"},"content":{"rendered":"<p><!-- VideographyWP Plugin Message: Automatic video embedding prevented by plugin options. --><br \/>\nOscar Pellegrini, Jefe de Operaciones de Defensa Civil, habl\u00f3 en 105.7 Tu Radio. Inform\u00f3 que la lluvia continuar\u00e1 hasta el domingo. <\/p>\n<p>  \u201cSe prev\u00e9 que para el s\u00e1bado tengamos alertas como las del fin de semana, no con esa intensidad, pero muy parecidas\u201d.<\/p>\n<p>  Pellegrini afirm\u00f3 que llovieron 96 mm. hasta las 20 de este martes. Explic\u00f3 que falta medir lo que cay\u00f3 durante la madrugada y la ma\u00f1ana de este mi\u00e9rcoles.<\/p>\n<p>  Hubo cuatro alertas durante la noche, dos normales y dos a corto plazo, por tormentas intensas con r\u00e1fagas. Las alertas por tormentas siguen vigentes.<\/p>\n<p>  El Jefe Distrital Walter Mandel inform\u00f3 a Defensa Civil que tiene a disposici\u00f3n todas las escuelas de Baradero estando ya, el Consejo Escolar avisado para posible alojamiento de personas en caso de necesitar evacuar.<br \/>\n  Adem\u00e1s, habl\u00f3 del nivel del r\u00edo y c\u00f3mo se estima que sea en los pr\u00f3ximos d\u00edas dependiendo de las lluvias en la regi\u00f3n.<\/p>\n<p>Fuente: Tu L\u00ednea Directa<\/p>\n","protected":false},"excerpt":{"rendered":"<p>Oscar Pellegrini, Jefe de Operaciones de Defensa Civil, habl\u00f3 en 105.7 Tu Radio. Inform\u00f3 que la lluvia continuar\u00e1 hasta el domingo. \u201cSe prev\u00e9 que para el s\u00e1bado tengamos alertas como las del fin de semana, no con esa intensidad, pero muy parecidas\u201d. Pellegrini afirm\u00f3 que llovieron 96 mm. hasta las 20 de este martes. Explic\u00f3 [&hellip;]<\/p>\n","protected":false},"author":4,"featured_media":32530,"comment_status":"open","ping_status":"closed","sticky":false,"template":"","format":"standard","meta":{"om_disable_all_campaigns":false,"_jetpack_memberships_contains_paid_content":false,"footnotes":""},"categories":[621],"tags":[],"class_list":["post-32529","post","type-post","status-publish","format-standard","has-post-thumbnail","hentry","category-regionales"],"aioseo_notices":[],"gutentor_comment":0,"jetpack_featured_media_url":"https:\/\/eldiariodesanpedro.com.ar\/sitio\/wp-content\/uploads\/2018\/05\/Oscar-Pellegrini-Jefe-de-Operaciones-de-Defensa-Civil.jpg","jetpack_shortlink":"https:\/\/wp.me\/p6RhLt-8sF","jetpack_sharing_enabled":true,"_links":{"self":[{"href":"https:\/\/eldiariodesanpedro.com.ar\/sitio\/wp-json\/wp\/v2\/posts\/32529","targetHints":{"allow":["GET"]}}],"collection":[{"href":"https:\/\/eldiariodesanpedro.com.ar\/sitio\/wp-json\/wp\/v2\/posts"}],"about":[{"href":"https:\/\/eldiariodesanpedro.com.ar\/sitio\/wp-json\/wp\/v2\/types\/post"}],"author":[{"embeddable":true,"href":"https:\/\/eldiariodesanpedro.com.ar\/sitio\/wp-json\/wp\/v2\/users\/4"}],"replies":[{"embeddable":true,"href":"https:\/\/eldiariodesanpedro.com.ar\/sitio\/wp-json\/wp\/v2\/comments?post=32529"}],"version-history":[{"count":1,"href":"https:\/\/eldiariodesanpedro.com.ar\/sitio\/wp-json\/wp\/v2\/posts\/32529\/revisions"}],"predecessor-version":[{"id":32533,"href":"https:\/\/eldiariodesanpedro.com.ar\/sitio\/wp-json\/wp\/v2\/posts\/32529\/revisions\/32533"}],"wp:featuredmedia":[{"embeddable":true,"href":"https:\/\/eldiariodesanpedro.com.ar\/sitio\/wp-json\/wp\/v2\/media\/32530"}],"wp:attachment":[{"href":"https:\/\/eldiariodesanpedro.com.ar\/sitio\/wp-json\/wp\/v2\/media?parent=32529"}],"wp:term":[{"taxonomy":"category","embeddable":true,"href":"https:\/\/eldiariodesanpedro.com.ar\/sitio\/wp-json\/wp\/v2\/categories?post=32529"},{"taxonomy":"post_tag","embeddable":true,"href":"https:\/\/eldiariodesanpedro.com.ar\/sitio\/wp-json\/wp\/v2\/tags?post=32529"}],"curies":[{"name":"wp","href":"https:\/\/api.w.org\/{rel}","templated":true}]}}