{"id":32523,"date":"2018-05-02T20:26:56","date_gmt":"2018-05-02T23:26:56","guid":{"rendered":"https:\/\/eldiariodesanpedro.com.ar\/sitio\/?p=32523"},"modified":"2018-05-02T20:26:56","modified_gmt":"2018-05-02T23:26:56","slug":"se-produjo-un-corte-de-energia-que-afecto-a-gran-parte-de-la-ciudad","status":"publish","type":"post","link":"https:\/\/eldiariodesanpedro.com.ar\/sitio\/se-produjo-un-corte-de-energia-que-afecto-a-gran-parte-de-la-ciudad\/","title":{"rendered":"Se produjo un corte de energ\u00eda que afect\u00f3 a gran parte de la ciudad"},"content":{"rendered":"<p><!-- VideographyWP Plugin Message: Automatic video embedding prevented by plugin options. --><br \/>\n  Desde la Cooperativa de Servicios El\u00e9ctricos informaron que el corte de energ\u00eda registrado en la tarde de este mi\u00e9rcoles en una amplia zona de San Pedro obedeci\u00f3 a la salida de servicio del Alimentador 235 Estaci\u00f3n Transformadora San Pedrito II (Papel Prensa) por el efecto de una descarga que gener\u00f3 inconvenientes. <\/p>\n<p>  Una vez detectada la falla, se realizaron las tareas para recuperar el servicio con las maniobras correspondientes, mientras prosigue el trabajo para resolver definitivamente el problema.<\/p>\n","protected":false},"excerpt":{"rendered":"<p>Desde la Cooperativa de Servicios El\u00e9ctricos informaron que el corte de energ\u00eda registrado en la tarde de este mi\u00e9rcoles en una amplia zona de San Pedro obedeci\u00f3 a la salida de servicio del Alimentador 235 Estaci\u00f3n Transformadora San Pedrito II (Papel Prensa) por el efecto de una descarga que gener\u00f3 inconvenientes. Una vez detectada la [&hellip;]<\/p>\n","protected":false},"author":4,"featured_media":6360,"comment_status":"open","ping_status":"closed","sticky":false,"template":"","format":"standard","meta":{"om_disable_all_campaigns":false,"_jetpack_memberships_contains_paid_content":false,"footnotes":""},"categories":[101,2],"tags":[],"class_list":["post-32523","post","type-post","status-publish","format-standard","has-post-thumbnail","hentry","category-interes-general-locales","category-locales"],"aioseo_notices":[],"gutentor_comment":0,"jetpack_featured_media_url":"https:\/\/eldiariodesanpedro.com.ar\/sitio\/wp-content\/uploads\/2016\/07\/coopser.jpg","jetpack_shortlink":"https:\/\/wp.me\/p6RhLt-8sz","jetpack_sharing_enabled":true,"_links":{"self":[{"href":"https:\/\/eldiariodesanpedro.com.ar\/sitio\/wp-json\/wp\/v2\/posts\/32523","targetHints":{"allow":["GET"]}}],"collection":[{"href":"https:\/\/eldiariodesanpedro.com.ar\/sitio\/wp-json\/wp\/v2\/posts"}],"about":[{"href":"https:\/\/eldiariodesanpedro.com.ar\/sitio\/wp-json\/wp\/v2\/types\/post"}],"author":[{"embeddable":true,"href":"https:\/\/eldiariodesanpedro.com.ar\/sitio\/wp-json\/wp\/v2\/users\/4"}],"replies":[{"embeddable":true,"href":"https:\/\/eldiariodesanpedro.com.ar\/sitio\/wp-json\/wp\/v2\/comments?post=32523"}],"version-history":[{"count":2,"href":"https:\/\/eldiariodesanpedro.com.ar\/sitio\/wp-json\/wp\/v2\/posts\/32523\/revisions"}],"predecessor-version":[{"id":32527,"href":"https:\/\/eldiariodesanpedro.com.ar\/sitio\/wp-json\/wp\/v2\/posts\/32523\/revisions\/32527"}],"wp:featuredmedia":[{"embeddable":true,"href":"https:\/\/eldiariodesanpedro.com.ar\/sitio\/wp-json\/wp\/v2\/media\/6360"}],"wp:attachment":[{"href":"https:\/\/eldiariodesanpedro.com.ar\/sitio\/wp-json\/wp\/v2\/media?parent=32523"}],"wp:term":[{"taxonomy":"category","embeddable":true,"href":"https:\/\/eldiariodesanpedro.com.ar\/sitio\/wp-json\/wp\/v2\/categories?post=32523"},{"taxonomy":"post_tag","embeddable":true,"href":"https:\/\/eldiariodesanpedro.com.ar\/sitio\/wp-json\/wp\/v2\/tags?post=32523"}],"curies":[{"name":"wp","href":"https:\/\/api.w.org\/{rel}","templated":true}]}}