{"id":32521,"date":"2018-05-02T20:23:49","date_gmt":"2018-05-02T23:23:49","guid":{"rendered":"https:\/\/eldiariodesanpedro.com.ar\/sitio\/?p=32521"},"modified":"2018-05-02T20:23:49","modified_gmt":"2018-05-02T23:23:49","slug":"a-pesar-de-las-lluvias-hubo-actividades-el-fin-de-semana","status":"publish","type":"post","link":"https:\/\/eldiariodesanpedro.com.ar\/sitio\/a-pesar-de-las-lluvias-hubo-actividades-el-fin-de-semana\/","title":{"rendered":"A pesar de las lluvias, hubo actividades el fin de semana"},"content":{"rendered":"<p><!-- VideographyWP Plugin Message: Automatic video embedding prevented by plugin options. --><br \/>\nDurante el fin de semana, con el feriado del 1\u00b0 de mayo y, a pesar de las interrumpidas lluvias, sampedrinos y turistas disfrutaron de las actividades realizadas por la Direcci\u00f3n de Cultura en los museos de nuestra localidad.<\/p>\n<p>  Gran cantidad de personas presenciaron la charla sobre Rosas que brind\u00f3 el Instituto Nacional de Investigaciones Hist\u00f3ricas, tambi\u00e9n fue un \u00e9xito la muestra fotogr\u00e1fica de Roberto Iglesias en el Buque Museo.<\/p>\n<p>  Por \u00faltimo, es importante destacar la acci\u00f3n realizada por Franco Torres, miembro de la Armada Argentina, quien don\u00f3 vestimenta que se exhibir\u00e1 de forma permanente en el buque.<\/p>\n","protected":false},"excerpt":{"rendered":"<p>Durante el fin de semana, con el feriado del 1\u00b0 de mayo y, a pesar de las interrumpidas lluvias, sampedrinos y turistas disfrutaron de las actividades realizadas por la Direcci\u00f3n de Cultura en los museos de nuestra localidad. Gran cantidad de personas presenciaron la charla sobre Rosas que brind\u00f3 el Instituto Nacional de Investigaciones Hist\u00f3ricas, [&hellip;]<\/p>\n","protected":false},"author":4,"featured_media":6163,"comment_status":"open","ping_status":"closed","sticky":false,"template":"","format":"standard","meta":{"om_disable_all_campaigns":false,"_jetpack_memberships_contains_paid_content":false,"footnotes":""},"categories":[101,2],"tags":[],"class_list":["post-32521","post","type-post","status-publish","format-standard","has-post-thumbnail","hentry","category-interes-general-locales","category-locales"],"aioseo_notices":[],"gutentor_comment":0,"jetpack_featured_media_url":"https:\/\/eldiariodesanpedro.com.ar\/sitio\/wp-content\/uploads\/2016\/07\/Museo-Gral-Irigoyen-San-Pedro-7.jpg","jetpack_shortlink":"https:\/\/wp.me\/p6RhLt-8sx","jetpack_sharing_enabled":true,"_links":{"self":[{"href":"https:\/\/eldiariodesanpedro.com.ar\/sitio\/wp-json\/wp\/v2\/posts\/32521","targetHints":{"allow":["GET"]}}],"collection":[{"href":"https:\/\/eldiariodesanpedro.com.ar\/sitio\/wp-json\/wp\/v2\/posts"}],"about":[{"href":"https:\/\/eldiariodesanpedro.com.ar\/sitio\/wp-json\/wp\/v2\/types\/post"}],"author":[{"embeddable":true,"href":"https:\/\/eldiariodesanpedro.com.ar\/sitio\/wp-json\/wp\/v2\/users\/4"}],"replies":[{"embeddable":true,"href":"https:\/\/eldiariodesanpedro.com.ar\/sitio\/wp-json\/wp\/v2\/comments?post=32521"}],"version-history":[{"count":2,"href":"https:\/\/eldiariodesanpedro.com.ar\/sitio\/wp-json\/wp\/v2\/posts\/32521\/revisions"}],"predecessor-version":[{"id":32524,"href":"https:\/\/eldiariodesanpedro.com.ar\/sitio\/wp-json\/wp\/v2\/posts\/32521\/revisions\/32524"}],"wp:featuredmedia":[{"embeddable":true,"href":"https:\/\/eldiariodesanpedro.com.ar\/sitio\/wp-json\/wp\/v2\/media\/6163"}],"wp:attachment":[{"href":"https:\/\/eldiariodesanpedro.com.ar\/sitio\/wp-json\/wp\/v2\/media?parent=32521"}],"wp:term":[{"taxonomy":"category","embeddable":true,"href":"https:\/\/eldiariodesanpedro.com.ar\/sitio\/wp-json\/wp\/v2\/categories?post=32521"},{"taxonomy":"post_tag","embeddable":true,"href":"https:\/\/eldiariodesanpedro.com.ar\/sitio\/wp-json\/wp\/v2\/tags?post=32521"}],"curies":[{"name":"wp","href":"https:\/\/api.w.org\/{rel}","templated":true}]}}