{"id":32518,"date":"2018-05-02T20:22:06","date_gmt":"2018-05-02T23:22:06","guid":{"rendered":"https:\/\/eldiariodesanpedro.com.ar\/sitio\/?p=32518"},"modified":"2018-05-02T20:22:06","modified_gmt":"2018-05-02T23:22:06","slug":"agradecimiento-de-red-solidaria-san-pedro","status":"publish","type":"post","link":"https:\/\/eldiariodesanpedro.com.ar\/sitio\/agradecimiento-de-red-solidaria-san-pedro\/","title":{"rendered":"Agradecimiento de Red Solidaria San Pedro"},"content":{"rendered":"<p><!-- VideographyWP Plugin Message: Automatic video embedding prevented by plugin options. --><br \/>\nEn el marco de la Campa\u00f1a de Concientizaci\u00f3n para la Donaci\u00f3n de \u00d3rganos y Tejidos y, de la Campa\u00f1a de Donaci\u00f3n de Sangre para el Hospital Dr. Emilio Ruffa, Red Solidaria quiere agradecer la colaboraci\u00f3n recibida en los eventos realizados: charlas en ESB N\u00bb7 y sal\u00f3n de actos de la Escuela Normal y extracciones de sangre realizadas en Centro de Comercio local, adem\u00e1s, del registro de donadores.<\/p>\n<p>  Por eso mismo se agradece a la ciudadan\u00eda de San Pedro en general, especialmente a la Sra. Betty Rodr\u00edguez, a los alumnos de la ESB N\u00b0 7, a los de 4&#8243; a\u00f1o de la ESB N\u00b0 3, a los del nivel terciario del IDFS N\u00b0119 por su inter\u00e9s y respeto, a los pacientes trasplantados: Irma, Juli\u00e1n, Sergio y Oscar, al Sr. Jos\u00e9 Iriarte de Hostel del Centro, a la prensa local por su permanente y desinteresada difusi\u00f3n: El Imparcial, El Diario, La Opini\u00f3n y otros, al Centro de Comercio e Industria de San Pedro. Sin vuestra ayuda todo ser\u00eda muy dif\u00edcil de realizar.<\/p>\n","protected":false},"excerpt":{"rendered":"<p>En el marco de la Campa\u00f1a de Concientizaci\u00f3n para la Donaci\u00f3n de \u00d3rganos y Tejidos y, de la Campa\u00f1a de Donaci\u00f3n de Sangre para el Hospital Dr. Emilio Ruffa, Red Solidaria quiere agradecer la colaboraci\u00f3n recibida en los eventos realizados: charlas en ESB N\u00bb7 y sal\u00f3n de actos de la Escuela Normal y extracciones de [&hellip;]<\/p>\n","protected":false},"author":4,"featured_media":32519,"comment_status":"open","ping_status":"closed","sticky":false,"template":"","format":"standard","meta":{"om_disable_all_campaigns":false,"_jetpack_memberships_contains_paid_content":false,"footnotes":""},"categories":[101,2],"tags":[],"class_list":["post-32518","post","type-post","status-publish","format-standard","has-post-thumbnail","hentry","category-interes-general-locales","category-locales"],"aioseo_notices":[],"gutentor_comment":0,"jetpack_featured_media_url":"https:\/\/eldiariodesanpedro.com.ar\/sitio\/wp-content\/uploads\/2018\/05\/Red-Solidaria.jpg","jetpack_shortlink":"https:\/\/wp.me\/p6RhLt-8su","jetpack_sharing_enabled":true,"_links":{"self":[{"href":"https:\/\/eldiariodesanpedro.com.ar\/sitio\/wp-json\/wp\/v2\/posts\/32518","targetHints":{"allow":["GET"]}}],"collection":[{"href":"https:\/\/eldiariodesanpedro.com.ar\/sitio\/wp-json\/wp\/v2\/posts"}],"about":[{"href":"https:\/\/eldiariodesanpedro.com.ar\/sitio\/wp-json\/wp\/v2\/types\/post"}],"author":[{"embeddable":true,"href":"https:\/\/eldiariodesanpedro.com.ar\/sitio\/wp-json\/wp\/v2\/users\/4"}],"replies":[{"embeddable":true,"href":"https:\/\/eldiariodesanpedro.com.ar\/sitio\/wp-json\/wp\/v2\/comments?post=32518"}],"version-history":[{"count":1,"href":"https:\/\/eldiariodesanpedro.com.ar\/sitio\/wp-json\/wp\/v2\/posts\/32518\/revisions"}],"predecessor-version":[{"id":32520,"href":"https:\/\/eldiariodesanpedro.com.ar\/sitio\/wp-json\/wp\/v2\/posts\/32518\/revisions\/32520"}],"wp:featuredmedia":[{"embeddable":true,"href":"https:\/\/eldiariodesanpedro.com.ar\/sitio\/wp-json\/wp\/v2\/media\/32519"}],"wp:attachment":[{"href":"https:\/\/eldiariodesanpedro.com.ar\/sitio\/wp-json\/wp\/v2\/media?parent=32518"}],"wp:term":[{"taxonomy":"category","embeddable":true,"href":"https:\/\/eldiariodesanpedro.com.ar\/sitio\/wp-json\/wp\/v2\/categories?post=32518"},{"taxonomy":"post_tag","embeddable":true,"href":"https:\/\/eldiariodesanpedro.com.ar\/sitio\/wp-json\/wp\/v2\/tags?post=32518"}],"curies":[{"name":"wp","href":"https:\/\/api.w.org\/{rel}","templated":true}]}}