{"id":32516,"date":"2018-05-02T20:30:40","date_gmt":"2018-05-02T23:30:40","guid":{"rendered":"https:\/\/eldiariodesanpedro.com.ar\/sitio\/?p=32516"},"modified":"2018-05-03T20:30:36","modified_gmt":"2018-05-03T23:30:36","slug":"dos-delincuentes-robaron-en-un-maxikiosco","status":"publish","type":"post","link":"https:\/\/eldiariodesanpedro.com.ar\/sitio\/dos-delincuentes-robaron-en-un-maxikiosco\/","title":{"rendered":"Dos delincuentes robaron en un maxikiosco"},"content":{"rendered":"<p><!-- VideographyWP Plugin Message: Automatic video embedding prevented by plugin options. --><br \/>\nUn nuevo hecho delictivo ocurri\u00f3 en la tarde noche de hoy en un Maxikiosco ubicado en Av. 11 de Septiembre al 700 donde se se llevaron dinero en efectivo y un celular.<\/p>\n<p>El hecho ocurri\u00f3 alrededor de las 19:45 hs en el comercio ubicado en Av. 11 de Septiembre entre Ayacucho y General Pueyrred\u00f3n donde dos delincuentes se llevaron alrededor de 4000 pesos en efectivo y un tel\u00e9fono celular.<\/p>\n<p>Los dos delincuentes huyeron en bicicleta en direcci\u00f3n hac\u00eda el barrio Hermano Indio, el robo fue registrado por las c\u00e1maras de seguridad del lugar.<\/p>\n","protected":false},"excerpt":{"rendered":"<p>Un nuevo hecho delictivo ocurri\u00f3 en la tarde noche de hoy en un Maxikiosco ubicado en Av. 11 de Septiembre al 700 donde se se llevaron dinero en efectivo y un celular. El hecho ocurri\u00f3 alrededor de las 19:45 hs en el comercio ubicado en Av. 11 de Septiembre entre Ayacucho y General Pueyrred\u00f3n donde [&hellip;]<\/p>\n","protected":false},"author":4,"featured_media":32528,"comment_status":"open","ping_status":"closed","sticky":false,"template":"","format":"standard","meta":{"om_disable_all_campaigns":false,"_jetpack_memberships_contains_paid_content":false,"footnotes":""},"categories":[2,103],"tags":[],"class_list":["post-32516","post","type-post","status-publish","format-standard","has-post-thumbnail","hentry","category-locales","category-policiales-locales"],"aioseo_notices":[],"gutentor_comment":2,"jetpack_featured_media_url":"https:\/\/eldiariodesanpedro.com.ar\/sitio\/wp-content\/uploads\/2018\/05\/2018-05-02-1.png","jetpack_shortlink":"https:\/\/wp.me\/p6RhLt-8ss","jetpack_sharing_enabled":true,"_links":{"self":[{"href":"https:\/\/eldiariodesanpedro.com.ar\/sitio\/wp-json\/wp\/v2\/posts\/32516","targetHints":{"allow":["GET"]}}],"collection":[{"href":"https:\/\/eldiariodesanpedro.com.ar\/sitio\/wp-json\/wp\/v2\/posts"}],"about":[{"href":"https:\/\/eldiariodesanpedro.com.ar\/sitio\/wp-json\/wp\/v2\/types\/post"}],"author":[{"embeddable":true,"href":"https:\/\/eldiariodesanpedro.com.ar\/sitio\/wp-json\/wp\/v2\/users\/4"}],"replies":[{"embeddable":true,"href":"https:\/\/eldiariodesanpedro.com.ar\/sitio\/wp-json\/wp\/v2\/comments?post=32516"}],"version-history":[{"count":2,"href":"https:\/\/eldiariodesanpedro.com.ar\/sitio\/wp-json\/wp\/v2\/posts\/32516\/revisions"}],"predecessor-version":[{"id":32615,"href":"https:\/\/eldiariodesanpedro.com.ar\/sitio\/wp-json\/wp\/v2\/posts\/32516\/revisions\/32615"}],"wp:featuredmedia":[{"embeddable":true,"href":"https:\/\/eldiariodesanpedro.com.ar\/sitio\/wp-json\/wp\/v2\/media\/32528"}],"wp:attachment":[{"href":"https:\/\/eldiariodesanpedro.com.ar\/sitio\/wp-json\/wp\/v2\/media?parent=32516"}],"wp:term":[{"taxonomy":"category","embeddable":true,"href":"https:\/\/eldiariodesanpedro.com.ar\/sitio\/wp-json\/wp\/v2\/categories?post=32516"},{"taxonomy":"post_tag","embeddable":true,"href":"https:\/\/eldiariodesanpedro.com.ar\/sitio\/wp-json\/wp\/v2\/tags?post=32516"}],"curies":[{"name":"wp","href":"https:\/\/api.w.org\/{rel}","templated":true}]}}