{"id":32513,"date":"2018-05-02T20:00:28","date_gmt":"2018-05-02T23:00:28","guid":{"rendered":"https:\/\/eldiariodesanpedro.com.ar\/sitio\/?p=32513"},"modified":"2018-05-02T20:00:28","modified_gmt":"2018-05-02T23:00:28","slug":"el-intendente-en-estados-unidos-junto-al-ril-y-crea-participando-de-un-interesante-programa-productivo","status":"publish","type":"post","link":"https:\/\/eldiariodesanpedro.com.ar\/sitio\/el-intendente-en-estados-unidos-junto-al-ril-y-crea-participando-de-un-interesante-programa-productivo\/","title":{"rendered":"El intendente en Estados Unidos junto al RIL y CREA participando de un interesante programa productivo"},"content":{"rendered":"<p><!-- VideographyWP Plugin Message: Automatic video embedding prevented by plugin options. --><br \/>\nNueve intendentes bonaerenses participan de un encuentro internacional generado por la ONG Red de Innovaci\u00f3n Local (R.I.L.) y el Movimiento CREA en Creve Coeur. Cecilio Salazar es parte de la comitiva.<\/p>\n<p>Con un intenso programa de actividades el Intendente Cecilio Salazar y otros ocho jefes comunales bonaerenses participan en los Estados Unidos de una jornada cuyo objetivo es el de conocer experiencias de articulaci\u00f3n p\u00fablico privada, modelos de gesti\u00f3n p\u00fablica local y empresas, productores e innovaci\u00f3n agropecuaria.<\/p>\n<p>En Creve Coeur, Saint Louis, estado de Missouri, los funcionarios visitaron el Donald Danforth Plants Science Center y el Helix Center Biotech Incubator. Participan del viaje nueve Intendentes de la Provincia de Buenos Aires, de las localidades de Pergamino, Carlos Casares, 9 de Julio, San Nicol\u00e1s, Bragado, San Pedro, Jun\u00edn, Rojas y Alberti, el Diputado Nacional Pablo Torello, productores agropecuarios y representantes de las organizaciones RIL y CREA.<\/p>\n<p>El lunes el grupo fue recibido en el Donald Danforth Plants Science Center, uno de los principales polos tecnol\u00f3gicos de la regi\u00f3n que promueve la investigaci\u00f3n cientifica y el desarrollo de las plantas, centrandose principalmente en energ\u00edas renovables y en mejoramiento de cultivos (calidad nutricional y resistencia a enfermedades) para contribuir a la disponibilidad de alimentos en los pa\u00edses en desarrollo. Al finalizar la visita se recorrieron los laboratorios e invernaderos donde se desarrolla la investigaci\u00f3n.<\/p>\n<p>Durante la jornada tambi\u00e9n se conoci\u00f3 el proyecto 39N?, que propone consolidar en los pr\u00f3ximos a\u00f1os un gran ecosistema formado por una incubadora de emprendedores, investigadores, academia, inversores y actores clave vinculados al desarrollo del sector agropecuario y la regi\u00f3n. Esta iniciativa resulta muy atractiva para estudiantes, investigadores y emprendedores de todo el mundo relacionados con la agrotecnolog\u00eda.<\/p>\n<p>Luego se visit\u00f3 el Helix Center Biotech Incubator, que permiti\u00f3 conocer y aprender sobre la misi\u00f3n de esta ONG como incubadora de emprendedores de biotecnolog\u00eda y su rol en el ecosistema de la regi\u00f3n. En el Helix Center est\u00e1n siendo incubadas dos empresas Argentinas, en esta oportunidad el grupo se reuni\u00f3 con el equipo de AgIdea, un emprendimiento de agrotecnolog\u00eda originario de Pergamino (Bs As).<\/p>\n<p>Por la tarde se realiz\u00f3 una reuni\u00f3n con Barry L. Glantz, alcalde de Creve Coeur y Mark Perkins, administrador de la ciudad. En una extensa e interesante conversaci\u00f3n el grupo pudo conocer los detalles de la administraci\u00f3n publica del gobierno local. Los participantes aprendieron sobre las formas de gesti\u00f3n de esta localidad de Estados Unidos. Entre otros, se trataron temas como: la composici\u00f3n del presupuesto municipal, la ejecuci\u00f3n de los principales gastos, la gesti\u00f3n de las fuerzas policiales, la gesti\u00f3n de la basura, el mantenimiento de los espacios p\u00fablicos, las estrategias de comunicaci\u00f3n de la ciudad con sus ciudadanos y otras pol\u00edticas p\u00fablicas inspiradoras para los intendentes de nuestro pa\u00eds.<\/p>\n<p>Fuente y gentileza: San Pedro Informa<\/p>\n","protected":false},"excerpt":{"rendered":"<p>Nueve intendentes bonaerenses participan de un encuentro internacional generado por la ONG Red de Innovaci\u00f3n Local (R.I.L.) y el Movimiento CREA en Creve Coeur. Cecilio Salazar es parte de la comitiva. Con un intenso programa de actividades el Intendente Cecilio Salazar y otros ocho jefes comunales bonaerenses participan en los Estados Unidos de una jornada [&hellip;]<\/p>\n","protected":false},"author":4,"featured_media":32514,"comment_status":"open","ping_status":"closed","sticky":false,"template":"","format":"standard","meta":{"om_disable_all_campaigns":false,"_jetpack_memberships_contains_paid_content":false,"footnotes":""},"categories":[2,102],"tags":[],"class_list":["post-32513","post","type-post","status-publish","format-standard","has-post-thumbnail","hentry","category-locales","category-politica-locales"],"aioseo_notices":[],"gutentor_comment":0,"jetpack_featured_media_url":"https:\/\/eldiariodesanpedro.com.ar\/sitio\/wp-content\/uploads\/2018\/05\/PAGINA-5.jpg","jetpack_shortlink":"https:\/\/wp.me\/p6RhLt-8sp","jetpack_sharing_enabled":true,"_links":{"self":[{"href":"https:\/\/eldiariodesanpedro.com.ar\/sitio\/wp-json\/wp\/v2\/posts\/32513","targetHints":{"allow":["GET"]}}],"collection":[{"href":"https:\/\/eldiariodesanpedro.com.ar\/sitio\/wp-json\/wp\/v2\/posts"}],"about":[{"href":"https:\/\/eldiariodesanpedro.com.ar\/sitio\/wp-json\/wp\/v2\/types\/post"}],"author":[{"embeddable":true,"href":"https:\/\/eldiariodesanpedro.com.ar\/sitio\/wp-json\/wp\/v2\/users\/4"}],"replies":[{"embeddable":true,"href":"https:\/\/eldiariodesanpedro.com.ar\/sitio\/wp-json\/wp\/v2\/comments?post=32513"}],"version-history":[{"count":1,"href":"https:\/\/eldiariodesanpedro.com.ar\/sitio\/wp-json\/wp\/v2\/posts\/32513\/revisions"}],"predecessor-version":[{"id":32515,"href":"https:\/\/eldiariodesanpedro.com.ar\/sitio\/wp-json\/wp\/v2\/posts\/32513\/revisions\/32515"}],"wp:featuredmedia":[{"embeddable":true,"href":"https:\/\/eldiariodesanpedro.com.ar\/sitio\/wp-json\/wp\/v2\/media\/32514"}],"wp:attachment":[{"href":"https:\/\/eldiariodesanpedro.com.ar\/sitio\/wp-json\/wp\/v2\/media?parent=32513"}],"wp:term":[{"taxonomy":"category","embeddable":true,"href":"https:\/\/eldiariodesanpedro.com.ar\/sitio\/wp-json\/wp\/v2\/categories?post=32513"},{"taxonomy":"post_tag","embeddable":true,"href":"https:\/\/eldiariodesanpedro.com.ar\/sitio\/wp-json\/wp\/v2\/tags?post=32513"}],"curies":[{"name":"wp","href":"https:\/\/api.w.org\/{rel}","templated":true}]}}