{"id":32510,"date":"2018-05-02T19:41:45","date_gmt":"2018-05-02T22:41:45","guid":{"rendered":"https:\/\/eldiariodesanpedro.com.ar\/sitio\/?p=32510"},"modified":"2018-05-02T19:41:45","modified_gmt":"2018-05-02T22:41:45","slug":"este-jueves-habra-paro-por-parte-de-cicop-no-atenderan-hospitales","status":"publish","type":"post","link":"https:\/\/eldiariodesanpedro.com.ar\/sitio\/este-jueves-habra-paro-por-parte-de-cicop-no-atenderan-hospitales\/","title":{"rendered":"Este jueves habr\u00e1 paro por parte de CICOP no atender\u00e1n hospitales"},"content":{"rendered":"<p><!-- VideographyWP Plugin Message: Automatic video embedding prevented by plugin options. --><br \/>\nM\u00e9dicos y profesionales de la salud bonaerenses realizar\u00e1n un paro este jueves en todos los hospitales p\u00fablicos provinciales en reclamo de la realizaci\u00f3n de paritarias salariales para el sector. Asimismo har\u00e1n a otra huelga para la semana entrante con una movilizaci\u00f3n en la que convocar\u00e1n a otros gremios estatales.<\/p>\n<p>A trav\u00e9s de un comunicado, Cicop cont\u00f3 que en su Congreso de Delegados resolvieron \u201cpor amplia mayor\u00eda la realizaci\u00f3n de medidas de fuerza para las pr\u00f3ximas dos semanas\u201d.<\/p>\n<p>A su vez explic\u00f3 que la medida es \u201ccomo resultado de la falta de convocatoria a la paritaria de la Ley 10471 a pesar de haber terminado el cuarto mes del a\u00f1o, debido a la grave crisis sanitaria que afecta a trabajadores y poblaci\u00f3n, as\u00ed como por la inadmisible ausencia de respuestas de parte de las autoridades, la definici\u00f3n de parar y manifestar p\u00fablicamente nuestras demandas es, por sobre todo, un ejercicio de compromiso consecuente con la defensa de la Salud P\u00fablica\u201d.<\/p>\n<p>\u201cCon eje en los salarios y las condiciones laborales, las asambleas seccionales se pronunciaron por retomar paros, acciones regionales y movilizaciones que expresen con la mayor contundencia posible la adversa  coyuntura actual\u201d, a\u00f1adi\u00f3.<\/p>\n<p>Entonces detall\u00f3 que \u201cse decidi\u00f3 un paro activo de 24 horas con acciones locales \u2013 con actividades ya pautadas en Paroissien, Belgrano, Eva Per\u00f3n y hospitales de Avellaneda &#8211; para el jueves 3 de mayo y un nuevo paro de 24 horas para la semana siguiente, con fecha y movilizaci\u00f3n a consensuar con las organizaciones dispuestas a construir una acci\u00f3n com\u00fan\u201d.<\/p>\n<p>Tambi\u00e9n sostuvo que \u201cse valor\u00f3 positivamente la unidad alcanzada con docentes, estatales y judiciales en la carpa del 27 de marzo y el paro conjunto con la marcha a la Gobernaci\u00f3n del 5 de abril, renov\u00e1ndose las mociones de articulaci\u00f3n para las semanas venideras\u201d.<\/p>\n<p>\u201cObservamos que las medidas que cada uno de los sectores realiz\u00f3 por separado luego de las acciones conjuntas fueron de menor envergadura y repercusi\u00f3n, por lo que el Congreso volvi\u00f3 a promover fuertemente que las manifestaciones sean preferentemente unitarias, sin perjuicio de llevar a cabo tambi\u00e9n iniciativas propias\u201d, concluy\u00f3 el comunicado.<\/p>\n<p><img decoding=\"async\" data-attachment-id=\"32511\" data-permalink=\"https:\/\/eldiariodesanpedro.com.ar\/sitio\/este-jueves-habra-paro-por-parte-de-cicop-no-atenderan-hospitales\/dck0en1xuaa0cwc\/\" data-orig-file=\"https:\/\/eldiariodesanpedro.com.ar\/sitio\/wp-content\/uploads\/2018\/05\/DcK0en1XUAA0Cwc.jpg\" data-orig-size=\"650,360\" data-comments-opened=\"1\" data-image-meta=\"{&quot;aperture&quot;:&quot;0&quot;,&quot;credit&quot;:&quot;&quot;,&quot;camera&quot;:&quot;&quot;,&quot;caption&quot;:&quot;&quot;,&quot;created_timestamp&quot;:&quot;0&quot;,&quot;copyright&quot;:&quot;&quot;,&quot;focal_length&quot;:&quot;0&quot;,&quot;iso&quot;:&quot;0&quot;,&quot;shutter_speed&quot;:&quot;0&quot;,&quot;title&quot;:&quot;&quot;,&quot;orientation&quot;:&quot;0&quot;}\" data-image-title=\"DcK0en1XUAA0Cwc\" data-image-description=\"\" data-image-caption=\"\" data-large-file=\"https:\/\/eldiariodesanpedro.com.ar\/sitio\/wp-content\/uploads\/2018\/05\/DcK0en1XUAA0Cwc.jpg\" data-src=\"https:\/\/eldiariodesanpedro.com.ar\/sitio\/wp-content\/uploads\/2018\/05\/DcK0en1XUAA0Cwc.jpg\" alt=\"\" width=\"650\" height=\"360\" class=\"alignnone size-full wp-image-32511 lazyload\" data-srcset=\"https:\/\/eldiariodesanpedro.com.ar\/sitio\/wp-content\/uploads\/2018\/05\/DcK0en1XUAA0Cwc.jpg 650w, https:\/\/eldiariodesanpedro.com.ar\/sitio\/wp-content\/uploads\/2018\/05\/DcK0en1XUAA0Cwc-300x166.jpg 300w\" data-sizes=\"(max-width: 650px) 100vw, 650px\" src=\"data:image\/svg+xml;base64,PHN2ZyB3aWR0aD0iMSIgaGVpZ2h0PSIxIiB4bWxucz0iaHR0cDovL3d3dy53My5vcmcvMjAwMC9zdmciPjwvc3ZnPg==\" style=\"--smush-placeholder-width: 650px; --smush-placeholder-aspect-ratio: 650\/360;\" \/><\/p>\n","protected":false},"excerpt":{"rendered":"<p>M\u00e9dicos y profesionales de la salud bonaerenses realizar\u00e1n un paro este jueves en todos los hospitales p\u00fablicos provinciales en reclamo de la realizaci\u00f3n de paritarias salariales para el sector. Asimismo har\u00e1n a otra huelga para la semana entrante con una movilizaci\u00f3n en la que convocar\u00e1n a otros gremios estatales. A trav\u00e9s de un comunicado, Cicop [&hellip;]<\/p>\n","protected":false},"author":4,"featured_media":9457,"comment_status":"open","ping_status":"closed","sticky":false,"template":"","format":"standard","meta":{"om_disable_all_campaigns":false,"_jetpack_memberships_contains_paid_content":false,"footnotes":""},"categories":[101,2],"tags":[],"class_list":["post-32510","post","type-post","status-publish","format-standard","has-post-thumbnail","hentry","category-interes-general-locales","category-locales"],"aioseo_notices":[],"gutentor_comment":0,"jetpack_featured_media_url":"https:\/\/eldiariodesanpedro.com.ar\/sitio\/wp-content\/uploads\/2016\/10\/HOSPITAL-subzonal-san-pedro.jpg","jetpack_shortlink":"https:\/\/wp.me\/p6RhLt-8sm","jetpack_sharing_enabled":true,"_links":{"self":[{"href":"https:\/\/eldiariodesanpedro.com.ar\/sitio\/wp-json\/wp\/v2\/posts\/32510","targetHints":{"allow":["GET"]}}],"collection":[{"href":"https:\/\/eldiariodesanpedro.com.ar\/sitio\/wp-json\/wp\/v2\/posts"}],"about":[{"href":"https:\/\/eldiariodesanpedro.com.ar\/sitio\/wp-json\/wp\/v2\/types\/post"}],"author":[{"embeddable":true,"href":"https:\/\/eldiariodesanpedro.com.ar\/sitio\/wp-json\/wp\/v2\/users\/4"}],"replies":[{"embeddable":true,"href":"https:\/\/eldiariodesanpedro.com.ar\/sitio\/wp-json\/wp\/v2\/comments?post=32510"}],"version-history":[{"count":1,"href":"https:\/\/eldiariodesanpedro.com.ar\/sitio\/wp-json\/wp\/v2\/posts\/32510\/revisions"}],"predecessor-version":[{"id":32512,"href":"https:\/\/eldiariodesanpedro.com.ar\/sitio\/wp-json\/wp\/v2\/posts\/32510\/revisions\/32512"}],"wp:featuredmedia":[{"embeddable":true,"href":"https:\/\/eldiariodesanpedro.com.ar\/sitio\/wp-json\/wp\/v2\/media\/9457"}],"wp:attachment":[{"href":"https:\/\/eldiariodesanpedro.com.ar\/sitio\/wp-json\/wp\/v2\/media?parent=32510"}],"wp:term":[{"taxonomy":"category","embeddable":true,"href":"https:\/\/eldiariodesanpedro.com.ar\/sitio\/wp-json\/wp\/v2\/categories?post=32510"},{"taxonomy":"post_tag","embeddable":true,"href":"https:\/\/eldiariodesanpedro.com.ar\/sitio\/wp-json\/wp\/v2\/tags?post=32510"}],"curies":[{"name":"wp","href":"https:\/\/api.w.org\/{rel}","templated":true}]}}